{"id":23579,"date":"2016-06-24T11:43:14","date_gmt":"2016-06-24T11:43:14","guid":{"rendered":"http:\/\/plazajuarez.mx\/index\/index.php\/2016\/06\/24\/amparo-al-ex-gobernador-andres-granier\/"},"modified":"2016-06-24T11:43:14","modified_gmt":"2016-06-24T11:43:14","slug":"amparo-al-ex-gobernador-andres-granier","status":"publish","type":"post","link":"https:\/\/plazajuarez.mx\/historico\/amparo-al-ex-gobernador-andres-granier\/","title":{"rendered":"Amparo al ex gobernador Andr\u00e9s Granier"},"content":{"rendered":"<p>Tabasco.- Un tribunal colegiado con sede en Tabasco ampar\u00f3 ayer al ex gobernador de esta entidad Andr\u00e9s Granier, preso y acusado por la PGR, de haber lavado m\u00e1s de 35 mdp, aunque la protecci\u00f3n de la justicia no implica su libertad, ni la anulaci\u00f3n de actuaciones ministeriales, inform\u00f3 el Consejo de la judicatura Federal.<\/p>\n<p>  <!--more-->  <\/p>\n<p>Se trata de un amparo para efectos de reposici\u00f3n de sentencia, que tambi\u00e9n beneficie al ex secretario de Finanzas del gobierno de Granier, Jos\u00e9 Francisco Saiz, que obliga a un tribunal unitario a revisar los expedientes de ambos acusados.<br \/>Este es el segundo amparo en esos t\u00e9rminos que obtiene Granier desde que se dict\u00f3 por primera vez el auto de formal prisi\u00f3n en su contra en agosto de 2013, por su presunta responsabilidad en el delito de operaciones con recursos de procedencia il\u00edcita, relacionado con un supuesto lavado de 53 millones 338 mil 315 pesos registrado entre 2007 y 2010.<\/p>\n","protected":false},"excerpt":{"rendered":"<p>Tabasco.- Un tribunal colegiado con sede en Tabasco ampar\u00f3 ayer al ex gobernador de esta entidad Andr\u00e9s Granier, preso y acusado por la PGR, de haber lavado m\u00e1s de 35 mdp, aunque la protecci\u00f3n de la justicia no implica su libertad, ni la anulaci\u00f3n de actuaciones ministeriales, inform\u00f3 el Consejo de la judicatura Federal.<\/p>\n","protected":false},"author":93,"featured_media":0,"comment_status":"open","ping_status":"open","sticky":false,"template":"","format":"standard","meta":{"footnotes":""},"categories":[36],"tags":[],"class_list":["post-23579","post","type-post","status-publish","format-standard","hentry","category-nacion"],"_links":{"self":[{"href":"https:\/\/plazajuarez.mx\/historico\/wp-json\/wp\/v2\/posts\/23579","targetHints":{"allow":["GET"]}}],"collection":[{"href":"https:\/\/plazajuarez.mx\/historico\/wp-json\/wp\/v2\/posts"}],"about":[{"href":"https:\/\/plazajuarez.mx\/historico\/wp-json\/wp\/v2\/types\/post"}],"author":[{"embeddable":true,"href":"https:\/\/plazajuarez.mx\/historico\/wp-json\/wp\/v2\/users\/93"}],"replies":[{"embeddable":true,"href":"https:\/\/plazajuarez.mx\/historico\/wp-json\/wp\/v2\/comments?post=23579"}],"version-history":[{"count":0,"href":"https:\/\/plazajuarez.mx\/historico\/wp-json\/wp\/v2\/posts\/23579\/revisions"}],"wp:attachment":[{"href":"https:\/\/plazajuarez.mx\/historico\/wp-json\/wp\/v2\/media?parent=23579"}],"wp:term":[{"taxonomy":"category","embeddable":true,"href":"https:\/\/plazajuarez.mx\/historico\/wp-json\/wp\/v2\/categories?post=23579"},{"taxonomy":"post_tag","embeddable":true,"href":"https:\/\/plazajuarez.mx\/historico\/wp-json\/wp\/v2\/tags?post=23579"}],"curies":[{"name":"wp","href":"https:\/\/api.w.org\/{rel}","templated":true}]}}