{"id":23569,"date":"2016-06-24T11:36:26","date_gmt":"2016-06-24T11:36:26","guid":{"rendered":"http:\/\/plazajuarez.mx\/index\/index.php\/2016\/06\/24\/detienen-a-dos-personas-por-robo-de-autopartes\/"},"modified":"2016-06-24T11:36:26","modified_gmt":"2016-06-24T11:36:26","slug":"detienen-a-dos-personas-por-robo-de-autopartes","status":"publish","type":"post","link":"https:\/\/plazajuarez.mx\/historico\/detienen-a-dos-personas-por-robo-de-autopartes\/","title":{"rendered":"DETIENEN A DOS PERSONAS POR ROBO DE AUTOPARTES"},"content":{"rendered":"<p>EN AVENIDA MADERO<\/p>\n<p>  <!--more-->  <\/p>\n<p>Elementos de la Secretar\u00eda de Seguridad P\u00fablica, Tr\u00e1nsito y Vialidad de Pachuca, realizaron la detenci\u00f3n de dos personas relacionadas con el delito de robo de autopartes.<br \/>El conductor de un veh\u00edculo del servicio p\u00fablico, solicita a un oficial en motopatrulla en avenida Madero, se detuviera pues momentos antes dos sujetos, sobre la calle Paseo de la Monta\u00f1a, en la colonia Ciudad de los Ni\u00f1os, abrieron un veh\u00edculo Volkswagen Derby, color negro, del cual sustrajeron un autoest\u00e9reo y se dieron a la fuga.<br \/>Por lo que el oficial emite alerta a trav\u00e9s de la radiofrecuencia policial a\u00a0 las unidades que se encontraban por la zona, derivado de ello localizaron un veh\u00edculo Volkswagen Jetta color blanco, que fue se\u00f1alado por el denunciante como el transporte en el que los probables responsables circulaban.<br \/>Al ser intervenidos los tripulantes del Jetta, se les encontraron unas tijeras afiladas y un autoest\u00e9reo, sin marca visible.<br \/>La persona afectada, se traslad\u00f3 al lugar y reconoci\u00f3 el autoest\u00e9reo como de su propiedad, los malhechores fueron asegurados y puestos a disposici\u00f3n de las instancias competentes, al igual que el veh\u00edculo que conduc\u00edan.<\/p>\n","protected":false},"excerpt":{"rendered":"<p>EN AVENIDA MADERO<\/p>\n","protected":false},"author":93,"featured_media":0,"comment_status":"open","ping_status":"open","sticky":false,"template":"","format":"standard","meta":{"footnotes":""},"categories":[37],"tags":[],"class_list":["post-23569","post","type-post","status-publish","format-standard","hentry","category-barandilla"],"_links":{"self":[{"href":"https:\/\/plazajuarez.mx\/historico\/wp-json\/wp\/v2\/posts\/23569","targetHints":{"allow":["GET"]}}],"collection":[{"href":"https:\/\/plazajuarez.mx\/historico\/wp-json\/wp\/v2\/posts"}],"about":[{"href":"https:\/\/plazajuarez.mx\/historico\/wp-json\/wp\/v2\/types\/post"}],"author":[{"embeddable":true,"href":"https:\/\/plazajuarez.mx\/historico\/wp-json\/wp\/v2\/users\/93"}],"replies":[{"embeddable":true,"href":"https:\/\/plazajuarez.mx\/historico\/wp-json\/wp\/v2\/comments?post=23569"}],"version-history":[{"count":0,"href":"https:\/\/plazajuarez.mx\/historico\/wp-json\/wp\/v2\/posts\/23569\/revisions"}],"wp:attachment":[{"href":"https:\/\/plazajuarez.mx\/historico\/wp-json\/wp\/v2\/media?parent=23569"}],"wp:term":[{"taxonomy":"category","embeddable":true,"href":"https:\/\/plazajuarez.mx\/historico\/wp-json\/wp\/v2\/categories?post=23569"},{"taxonomy":"post_tag","embeddable":true,"href":"https:\/\/plazajuarez.mx\/historico\/wp-json\/wp\/v2\/tags?post=23569"}],"curies":[{"name":"wp","href":"https:\/\/api.w.org\/{rel}","templated":true}]}}