{"id":235640,"date":"2022-10-25T14:05:40","date_gmt":"2022-10-25T19:05:40","guid":{"rendered":"https:\/\/plazajuarez.mx\/?p=235640"},"modified":"2022-10-25T14:05:48","modified_gmt":"2022-10-25T19:05:48","slug":"felipe_calderon","status":"publish","type":"post","link":"https:\/\/plazajuarez.mx\/historico\/felipe_calderon\/","title":{"rendered":"Felipe Calder\u00f3n dej\u00f3 un reguero de sangre en Michoac\u00e1n: Segob"},"content":{"rendered":"\n<p> El secretario de Gobernaci\u00f3n, Ad\u00e1n Augusto L\u00f3pez Hern\u00e1ndez, acus\u00f3 al expresidente Felipe Calder\u00f3n de haber &#8220;ensangrentado a Michoac\u00e1n con su absurda guerra contra el narcotr\u00e1fico&#8221;.<\/p>\n\n\n\n<p>Entrevistado en el marco de su visita al Congreso michoacano, el funcionario record\u00f3 que el exmandatario dio la orden al Ej\u00e9rcito para que saliera a las calles a combatir a la delincuencia organizada.<\/p>\n\n\n\n<p>&#8220;No se les olvide que dejaron este estado hecho un reguero de sangre, y no le habl\u00f3 de ahora, porque quien inici\u00f3 esta absurda guerra fue Felipe Calder\u00f3n. El comandante supremo de las fuerzas armadas en aquella \u00e9poca tom\u00f3 la decisi\u00f3n e instruy\u00f3 a los militares para que salieran a las calles en una absurda guerra&#8221;, expres\u00f3.<\/p>\n\n\n\n<p>Ad\u00e1n Augusto L\u00f3pez subray\u00f3 que esa decisi\u00f3n fue parte de un entramado financiero que est\u00e1 siendo investigado y que tiene en la c\u00e1rcel al entonces secretario de Seguridad P\u00fablica, Genaro Garc\u00eda Luna.<\/p>\n\n\n\n<p>&#8220;Porque ahora ya nadie se acuerda c\u00f3mo las armas que estaban destinadas para combatir al crimen organizado en una operaci\u00f3n que se llam\u00f3 &#8216;R\u00e1pido y Furioso&#8217; terminaron siendo vendidas a la delincuencia organizada. Por eso est\u00e1 preso Garc\u00eda Luna y por eso hay una investigaci\u00f3n incluso internacional en contra de Felipe Calder\u00f3n&#8221;, subray\u00f3.<\/p>\n\n\n\n<p>El titular de la Segob dijo que no comparte que actualmente haya una percepci\u00f3n de inseguridad en Michoac\u00e1n.<\/p>\n\n\n\n<p>&#8220;Yo creo que el gobierno federal y el gobierno del estado est\u00e1n haciendo un gran esfuerzo y que se est\u00e1n recuperando la tranquilidad y la paz en Michoac\u00e1n&#8221;, asegur\u00f3.<\/p>\n\n\n\n<p>Por otra parte, a un a\u00f1o de que ofreci\u00f3 la basificaci\u00f3n del magisterio michoacano, el secretario L\u00f3pez Hern\u00e1ndez reconoci\u00f3 que no sab\u00eda que el proceso ser\u00eda tan dif\u00edcil, pero ratific\u00f3 ese compromiso. &#8220;Nunca nadie, ning\u00fan gobierno, se hab\u00eda animado a basificar a los maestros. Hay m\u00e1s menos 135 mil maestros basificados y Michoac\u00e1n no va a ser la excepci\u00f3n&#8221;, puntualiz\u00f3.<\/p>\n","protected":false},"excerpt":{"rendered":"<p>El secretario de Gobernaci\u00f3n, Ad\u00e1n Augusto L\u00f3pez Hern\u00e1ndez, acus\u00f3 al expresidente Felipe Calder\u00f3n de haber &#8220;ensangrentado a Michoac\u00e1n con su absurda guerra contra el narcotr\u00e1fico&#8221;. Entrevistado en el marco de su visita al Congreso michoacano, el funcionario record\u00f3 que el exmandatario dio la orden al Ej\u00e9rcito para que saliera a las calles a combatir a [&hellip;]<\/p>\n","protected":false},"author":81,"featured_media":235641,"comment_status":"closed","ping_status":"closed","sticky":false,"template":"","format":"standard","meta":{"footnotes":""},"categories":[15,36],"tags":[],"class_list":["post-235640","post","type-post","status-publish","format-standard","has-post-thumbnail","hentry","category-destacadas","category-nacion"],"_links":{"self":[{"href":"https:\/\/plazajuarez.mx\/historico\/wp-json\/wp\/v2\/posts\/235640","targetHints":{"allow":["GET"]}}],"collection":[{"href":"https:\/\/plazajuarez.mx\/historico\/wp-json\/wp\/v2\/posts"}],"about":[{"href":"https:\/\/plazajuarez.mx\/historico\/wp-json\/wp\/v2\/types\/post"}],"author":[{"embeddable":true,"href":"https:\/\/plazajuarez.mx\/historico\/wp-json\/wp\/v2\/users\/81"}],"replies":[{"embeddable":true,"href":"https:\/\/plazajuarez.mx\/historico\/wp-json\/wp\/v2\/comments?post=235640"}],"version-history":[{"count":0,"href":"https:\/\/plazajuarez.mx\/historico\/wp-json\/wp\/v2\/posts\/235640\/revisions"}],"wp:featuredmedia":[{"embeddable":true,"href":"https:\/\/plazajuarez.mx\/historico\/wp-json\/wp\/v2\/media\/235641"}],"wp:attachment":[{"href":"https:\/\/plazajuarez.mx\/historico\/wp-json\/wp\/v2\/media?parent=235640"}],"wp:term":[{"taxonomy":"category","embeddable":true,"href":"https:\/\/plazajuarez.mx\/historico\/wp-json\/wp\/v2\/categories?post=235640"},{"taxonomy":"post_tag","embeddable":true,"href":"https:\/\/plazajuarez.mx\/historico\/wp-json\/wp\/v2\/tags?post=235640"}],"curies":[{"name":"wp","href":"https:\/\/api.w.org\/{rel}","templated":true}]}}