{"id":235637,"date":"2022-10-25T13:56:43","date_gmt":"2022-10-25T18:56:43","guid":{"rendered":"https:\/\/plazajuarez.mx\/?p=235637"},"modified":"2022-10-25T13:56:50","modified_gmt":"2022-10-25T18:56:50","slug":"michel_vieth","status":"publish","type":"post","link":"https:\/\/plazajuarez.mx\/historico\/michel_vieth\/","title":{"rendered":"Michel Vieth festeja los XV a\u00f1os de su hija"},"content":{"rendered":"\n<p>Michelle Vieth celebr\u00f3 finalmente los XV a\u00f1os de su hija Michelle Ampudia, pues desde junio de este a\u00f1o, mes en que la joven alcanz\u00f3 sus primeros 15 a\u00f1os de vida, la actriz mexicana plane\u00f3 una fiesta a lo grande, la cual se celebr\u00f3 este fin de semana en Acapulco, con un vestido de Mitzy y con Raquel Bigorra como madrina; estos son los detalles del festejo.<\/p>\n\n\n\n<p>\u00bfRecuerdas el papel que Vieth interpret\u00f3 en &#8220;La Madrastra&#8221;? Se trataba de Vivian Sousa, una excompa\u00f1era de celda de Mar\u00eda Fern\u00e1ndez Acu\u00f1a de San Rom\u00e1n, interpretada por Victoria Ruffo. En esa telenovela, Michelle estaba embarazada de su primer hijo, Leandro, producto de su matrimonio con el empresario Leandro Ampudia. M\u00e1s tarde, en 2007, la actriz dar\u00eda la bienvenida a Michelle, que en junio pasado cumpli\u00f3 15 a\u00f1os.<\/p>\n\n\n\n<p>Para celebrar el aniversario de la joven, Vieth organiz\u00f3 una fiesta en su ciudad natal, Acapulco, por lo que opt\u00f3 por esperar hasta este mes para llevar a cabo los XV de Michelle. Sin embargo, este no fue el plan inicial de la actriz, pues en una entrevista al canal de YouTube de Eden Dorantes, cont\u00f3 que le hab\u00eda propuesto a su hija que se fueran de viaje juntas, sin sus otros hermanos, pero la joven se neg\u00f3, ya que deseaba que se organizara una fiesta.<\/p>\n\n\n\n<p>&#8220;Una fiesta grandota, va a haber chambelanes, damas, va a estar muy padre&#8221;, dijo Michelle Ampudia.<\/p>\n\n\n\n<p>En esa ocasi\u00f3n, le preguntaron a la joven si uno de los chambelanes ser\u00eda su novio, pero Vieth contest\u00f3 con un categ\u00f3rico &#8220;no&#8221;, pues asegur\u00f3 que su hija no tiene permiso para tener novio todav\u00eda y que la persona que bailar\u00eda con ella el vals ser\u00eda su hermano mayor Leandro.<\/p>\n\n\n\n<p>Y dicho y hecho, pues ahora que se difundieron algunas im\u00e1genes de la fiesta, puede apreciarse como su hermano la acompa\u00f1\u00f3 en todo momento siendo su chambel\u00e1n principal de seis cambelanes y seis damas, situaci\u00f3n que Michelle Vieth agradeci\u00f3 en sus redes sociales:<\/p>\n\n\n\n<p>&#8220;Gracias a Leandro por siempre sostener la mano de tu hermana con tanto amor y firmeza, le pido a Dios nos ayude para que siga siempre siendo as\u00ed\u2026 Los amo con toda mi alma\u2026 (Atte:) Mam\u00e1&#8221;.<\/p>\n\n\n\n<p>La joven tambi\u00e9n comparti\u00f3 que no ama a nadie tanto como ama a su hermano, por lo que para ella era muy importante que \u00e9l fuera su acompa\u00f1ante en esta fecha. Tambi\u00e9n concibi\u00f3 esta fiesta como un momento para pasar juntas como hija y madre.<\/p>\n\n\n\n<p>Otro de los grandes detalles del festejo fue que Ampudia visti\u00f3 un dise\u00f1o exclusivo de Mitzy, &#8220;el dise\u00f1ador de las estrellas&#8221;, pues a lo largo de su carrera ha vestido a personalidades como Thal\u00eda, Roc\u00edo Durcal y Maribel Guardia. En esta ocasi\u00f3n, Vieth se puso en contacto con \u00e9l para que fabricara un vestido estilo princesa para su hija.<\/p>\n\n\n\n<p>La actriz tambi\u00e9n agradeci\u00f3 el trabajo de Mitzy, que denomin\u00f3 como &#8220;refinado&#8221; y &#8220;exquisito&#8221;:<\/p>\n\n\n\n<p>&#8220;Gracias Mitzy, por bordar tan finamente con ese don que Dios te dio, con todo tu amor y todo tu talento este sue\u00f1o de vestido a Michelle, convirti\u00e9ndola en princesa. Ayud\u00e1ndome a cumplirle con ese coraz\u00f3n tan grande y generoso su sue\u00f1o a mi se\u00f1orita. Qu\u00e9 gusto tan fino, exquisito y refinado tienes&#8221;, comparti\u00f3 en sus redes sociales.<\/p>\n\n\n\n<p>Adem\u00e1s, en otro video compartido por la actriz reconoci\u00f3 que hab\u00eda tirado la casa por la ventana, pues la fiesta se celebr\u00f3 con todos los deseos que su hija ten\u00eda, esfuerzo que la joven agradeci\u00f3.<\/p>\n","protected":false},"excerpt":{"rendered":"<p>Michelle Vieth celebr\u00f3 finalmente los XV a\u00f1os de su hija Michelle Ampudia, pues desde junio de este a\u00f1o, mes en que la joven alcanz\u00f3 sus primeros 15 a\u00f1os de vida, la actriz mexicana plane\u00f3 una fiesta a lo grande, la cual se celebr\u00f3 este fin de semana en Acapulco, con un vestido de Mitzy y [&hellip;]<\/p>\n","protected":false},"author":81,"featured_media":235638,"comment_status":"closed","ping_status":"closed","sticky":false,"template":"","format":"standard","meta":{"footnotes":""},"categories":[38],"tags":[],"class_list":["post-235637","post","type-post","status-publish","format-standard","has-post-thumbnail","hentry","category-show"],"_links":{"self":[{"href":"https:\/\/plazajuarez.mx\/historico\/wp-json\/wp\/v2\/posts\/235637","targetHints":{"allow":["GET"]}}],"collection":[{"href":"https:\/\/plazajuarez.mx\/historico\/wp-json\/wp\/v2\/posts"}],"about":[{"href":"https:\/\/plazajuarez.mx\/historico\/wp-json\/wp\/v2\/types\/post"}],"author":[{"embeddable":true,"href":"https:\/\/plazajuarez.mx\/historico\/wp-json\/wp\/v2\/users\/81"}],"replies":[{"embeddable":true,"href":"https:\/\/plazajuarez.mx\/historico\/wp-json\/wp\/v2\/comments?post=235637"}],"version-history":[{"count":0,"href":"https:\/\/plazajuarez.mx\/historico\/wp-json\/wp\/v2\/posts\/235637\/revisions"}],"wp:featuredmedia":[{"embeddable":true,"href":"https:\/\/plazajuarez.mx\/historico\/wp-json\/wp\/v2\/media\/235638"}],"wp:attachment":[{"href":"https:\/\/plazajuarez.mx\/historico\/wp-json\/wp\/v2\/media?parent=235637"}],"wp:term":[{"taxonomy":"category","embeddable":true,"href":"https:\/\/plazajuarez.mx\/historico\/wp-json\/wp\/v2\/categories?post=235637"},{"taxonomy":"post_tag","embeddable":true,"href":"https:\/\/plazajuarez.mx\/historico\/wp-json\/wp\/v2\/tags?post=235637"}],"curies":[{"name":"wp","href":"https:\/\/api.w.org\/{rel}","templated":true}]}}