{"id":235516,"date":"2022-10-25T08:35:44","date_gmt":"2022-10-25T13:35:44","guid":{"rendered":"https:\/\/plazajuarez.mx\/?p=235516"},"modified":"2022-10-25T08:35:49","modified_gmt":"2022-10-25T13:35:49","slug":"el-ine-en-peligro","status":"publish","type":"post","link":"https:\/\/plazajuarez.mx\/historico\/el-ine-en-peligro\/","title":{"rendered":"EL INE EN PELIGRO"},"content":{"rendered":"\n<h2 class=\"wp-block-heading\">ALFIL NEGRO<\/h2>\n\n\n\n<p>El d\u00eda de hoy se inicia la discusi\u00f3n de la REFORMA ELECTORAL, que en opini\u00f3n de la mayor\u00eda lo que busca es desmantelar al INE y convertirlo en una oficina del gobierno de la Rep\u00fablica para los fines que se juzguen pertinentes. Para llegar a un dictamen de la iniciativa que el Presidente hizo llegar en Abril al Congreso.<\/p>\n\n\n\n<p>Trabajar\u00e1n tres comisiones de la C\u00e1mara de Diputados sobre el tema: la de Reforma Pol\u00edtica, la de Puntos Constitucionales y la de Gobernaci\u00f3n, para despu\u00e9s en sesi\u00f3n plenaria buscar la mayor\u00eda calificada y aprobarla.<\/p>\n\n\n\n<p>Y es ah\u00ed donde la citada reforma puede verse frenada, porque incre\u00edblemente todo depender\u00e1 de la votaci\u00f3n que haga el PRI con sus diputados, para que pase la reforma o para que la frenen, pues sin su voto no pasar\u00eda la reforma, ya que Morena y aliados sin el voto priista no tiene mayor\u00eda calificada, que es lo que exige esta e reforma al ser votada.<\/p>\n\n\n\n<p>El diputado Rub\u00e9n Moreira, Coordinador de los diputados tricolores, ha se\u00f1alado que no existe ning\u00fan acuerdo del PRI con Morena para que pase la reforma, lo que choca con la realidad sobre todo despu\u00e9s de lo qu\u00e9 pas\u00f3 con la postura priista en el caso de la permanencia del ej\u00e9rcito en las calles en asuntos de seguridad, donde todo indicaba que los tricolores votar\u00edan en contra y a la mera hora fueron el voto que dio como resultado la aprobaci\u00f3n de esta iniciativa y hasta con copete, pues le a\u00f1adieron cuatro a\u00f1os m\u00e1s a la permanencia de las fuerzas armadas en las calles.<\/p>\n\n\n\n<p>Dicen y todo indica que as\u00ed fue, que el presidente del PRI, ALEJANDRO MORENO, cambi\u00f3 su seguridad personal y no terminar\u00e1 en la c\u00e1rcel, por el apoyo tricolor a la iniciativa presidencial, pese a que con esa decisi\u00f3n resquebraj\u00f3 la alianza de VA POR M\u00c9XICO, con el PAN Y EL PRD.<\/p>\n\n\n\n<p>En la pol\u00edtica del pa\u00eds si hay un partido que ha perdido seriedad y confianza entre los mismos partidos es el PRI DE ALITO, por la forma terrible en que todo indica vendi\u00f3 a su partido apoyando y aprobando la reforma militar, a cambio de no ser desaforado y despu\u00e9s enfrentar a la justicia por todo lo que se le acus\u00f3 y se\u00f1al\u00f3.<\/p>\n\n\n\n<p>Por ello no va a ser extra\u00f1o que a la hora de la verdad el voto priista sea a favor de la reforma electoral ,con todo lo que propone como <strong>QUE EL INE PASE A SER EL INSTITUTO NACIONAL DE ELECCIONES Y CONSULTAS<\/strong>; como \u00f3rgano gubernamental con lo que parece que est\u00e1 dicho todo, as\u00ed como lo que se busca que finalmente termina en la desaparici\u00f3n del INE y la incorporaci\u00f3n de un \u00f3rgano parecido pero al servicio del poder. Del mismo modo propone reducir el n\u00famero de consejeros de 11 a 7 y con intervenci\u00f3n ciudadana para serlo.<\/p>\n\n\n\n<p>Otra parte de la propuesta es eliminar los organismos p\u00fablicos locales LOS OPLES y que sea un solo organismo el que se encargue de las elecciones federales y locales. Del mismo modo propone eliminar 200 diputados federales y 32 senadores as\u00ed como reducir los apoyos econ\u00f3micos a los partidos pol\u00edticos.<\/p>\n\n\n\n<p>La iniciativa no la tiene dif\u00edcil para convertirse en dictamen en las tres comisiones que trabajan desde hoy en esa tarea, el reto es lograr mayor\u00eda calificada o sea dos terceras partes de los 500 diputados y sin los votos del PRI no pasar\u00eda.<\/p>\n\n\n\n<p>Pero con ALITO como su dirigente lo m\u00e1s seguro es que s\u00ed pase y que el partido tricolor sea el encargado de acabar con el INE y todo lo que significa en la v\u00eda democr\u00e1tica de M\u00e9xico.<\/p>\n\n\n\n<p>A finales de este mes se piensa que se discuta la propuesta.<\/p>\n\n\n\n<p>Veremos\u2026<\/p>\n","protected":false},"excerpt":{"rendered":"<p>ALFIL NEGRO El d\u00eda de hoy se inicia la discusi\u00f3n de la REFORMA ELECTORAL, que en opini\u00f3n de la mayor\u00eda lo que busca es desmantelar al INE y convertirlo en una oficina del gobierno de la Rep\u00fablica para los fines que se juzguen pertinentes. Para llegar a un dictamen de la iniciativa que el Presidente [&hellip;]<\/p>\n","protected":false},"author":83,"featured_media":234680,"comment_status":"closed","ping_status":"closed","sticky":false,"template":"","format":"standard","meta":{"footnotes":""},"categories":[48,42],"tags":[],"class_list":["post-235516","post","type-post","status-publish","format-standard","has-post-thumbnail","hentry","category-adalberto-peralta","category-nuestrapalabra"],"_links":{"self":[{"href":"https:\/\/plazajuarez.mx\/historico\/wp-json\/wp\/v2\/posts\/235516","targetHints":{"allow":["GET"]}}],"collection":[{"href":"https:\/\/plazajuarez.mx\/historico\/wp-json\/wp\/v2\/posts"}],"about":[{"href":"https:\/\/plazajuarez.mx\/historico\/wp-json\/wp\/v2\/types\/post"}],"author":[{"embeddable":true,"href":"https:\/\/plazajuarez.mx\/historico\/wp-json\/wp\/v2\/users\/83"}],"replies":[{"embeddable":true,"href":"https:\/\/plazajuarez.mx\/historico\/wp-json\/wp\/v2\/comments?post=235516"}],"version-history":[{"count":0,"href":"https:\/\/plazajuarez.mx\/historico\/wp-json\/wp\/v2\/posts\/235516\/revisions"}],"wp:featuredmedia":[{"embeddable":true,"href":"https:\/\/plazajuarez.mx\/historico\/wp-json\/wp\/v2\/media\/234680"}],"wp:attachment":[{"href":"https:\/\/plazajuarez.mx\/historico\/wp-json\/wp\/v2\/media?parent=235516"}],"wp:term":[{"taxonomy":"category","embeddable":true,"href":"https:\/\/plazajuarez.mx\/historico\/wp-json\/wp\/v2\/categories?post=235516"},{"taxonomy":"post_tag","embeddable":true,"href":"https:\/\/plazajuarez.mx\/historico\/wp-json\/wp\/v2\/tags?post=235516"}],"curies":[{"name":"wp","href":"https:\/\/api.w.org\/{rel}","templated":true}]}}