{"id":235321,"date":"2022-10-22T16:46:33","date_gmt":"2022-10-22T21:46:33","guid":{"rendered":"https:\/\/plazajuarez.mx\/?p=235321"},"modified":"2022-10-22T16:46:40","modified_gmt":"2022-10-22T21:46:40","slug":"gaby_spanic","status":"publish","type":"post","link":"https:\/\/plazajuarez.mx\/historico\/gaby_spanic\/","title":{"rendered":"Gaby Spanic explota contra Pati Chapoy y defiende a su hermana"},"content":{"rendered":"\n<p> Luego de que Daniela Spanic, hermana de la actriz Gaby Spanic, fuera golpeada en la cabeza por un hombre, hasta ahora desconocido, afuera de los juzgados de los familiar en la Ciudad de M\u00e9xico, donde acudi\u00f3 por un papeleo referente a su divorcio, Gaby lament\u00f3 c\u00f3mo en un programa de televisi\u00f3n la tacharon de exagerada.<\/p>\n\n\n\n<p>La protagonista de la telenovela &#8220;La usurpadora&#8221; lament\u00f3 que en &#8220;Ventaneando&#8221; y Pati Chapoy la descalificaran llam\u00e1ndola exagerada, y argument\u00f3 por qu\u00e9 no considera serlo, adem\u00e1s de que asegur\u00f3 que no es una mantenida por su excu\u00f1ado, como lo asegur\u00f3 uno de los conductores del programa.<\/p>\n\n\n\n<p>Ademar Nahum, expareja de Daniela Spanic y padre de su hijo, es sospechoso del ataque, seg\u00fan han dejado ver las hermanas Spanic, quienes en el pasado aseguraron ser v\u00edctimas de envenenamiento.<\/p>\n\n\n\n<p>&#8220;Dicen \u00bfexagerada? Porque a ellos no los han envenenado y tampoco tienen una hermana que le dio un derrame cerebral, supuestamente por un mal cong\u00e9nito y ahora golpean a mi hermana en el mismo lugar de la operaci\u00f3n, el chofer huye del lugar y no la auxilia, \u00bfeso es exagerado?, \u00bfy ahora resulta que me mantiene? Mienten, jam\u00e1s he aceptado dinero de ese se\u00f1or, trabajo muy duro para sacar adelante a mi hijo . Palabras dichas por mi hermana: &#8220;He vivido un divorcio tormentoso&#8221;. \u00bfEso es exagerado? La justicia divina existe y \u00a1Aguas querida Pati, el Dalai Lama dir\u00eda que se llama Karma!, expres\u00f3 Spanic en su cuenta de Instagram.<\/p>\n\n\n\n<p>El ataque a Daniela Spanic<\/p>\n\n\n\n<p>De acuerdo con su publirrelacionista, Rodrigo Fragoso, la hermana de Gaby Spanic fue golpeada en la cabeza por un sujeto, provoc\u00e1ndole una lesi\u00f3n en la misma zona donde, hace algunos a\u00f1os, fue operada debido a un derrame cerebral.<\/p>\n\n\n\n<p>&#8220;La acaban de golpear un sujeto con una piedra en la cabeza, ella estaba formada para entrar a los juzgados y un sujeto pas\u00f3 corriendo y la golpe\u00f3 con lo que parece ser una piedra, en el mismo lado donde tuvo el derrame cerebral hace 15 a\u00f1os&#8221;, dijo Fregoso en entrevista con EL UNIVERSAL.<\/p>\n\n\n\n<p>Adem\u00e1s revel\u00f3 que el impacto le ocasion\u00f3 una contusi\u00f3n, y aunque recibi\u00f3 de ayuda m\u00e9dica inmediata, tendr\u00e1 que acudir con un m\u00e9dico especialista para descartar cualquier otro tipo de lesi\u00f3n.<\/p>\n\n\n\n<p>Tanto Daniela como su familia decidieron interponer una denuncia penal contra quien resulte responsable, pues est\u00e1n convencidos de que este hecho no fue una casualidad sino un intento de terminar con su vida. En el momento de esta entrevista la actriz se encontraba rindiendo su declaraci\u00f3n ante las autoridades.<\/p>\n","protected":false},"excerpt":{"rendered":"<p>Luego de que Daniela Spanic, hermana de la actriz Gaby Spanic, fuera golpeada en la cabeza por un hombre, hasta ahora desconocido, afuera de los juzgados de los familiar en la Ciudad de M\u00e9xico, donde acudi\u00f3 por un papeleo referente a su divorcio, Gaby lament\u00f3 c\u00f3mo en un programa de televisi\u00f3n la tacharon de exagerada. [&hellip;]<\/p>\n","protected":false},"author":81,"featured_media":235322,"comment_status":"closed","ping_status":"closed","sticky":false,"template":"","format":"standard","meta":{"footnotes":""},"categories":[38],"tags":[],"class_list":["post-235321","post","type-post","status-publish","format-standard","has-post-thumbnail","hentry","category-show"],"_links":{"self":[{"href":"https:\/\/plazajuarez.mx\/historico\/wp-json\/wp\/v2\/posts\/235321","targetHints":{"allow":["GET"]}}],"collection":[{"href":"https:\/\/plazajuarez.mx\/historico\/wp-json\/wp\/v2\/posts"}],"about":[{"href":"https:\/\/plazajuarez.mx\/historico\/wp-json\/wp\/v2\/types\/post"}],"author":[{"embeddable":true,"href":"https:\/\/plazajuarez.mx\/historico\/wp-json\/wp\/v2\/users\/81"}],"replies":[{"embeddable":true,"href":"https:\/\/plazajuarez.mx\/historico\/wp-json\/wp\/v2\/comments?post=235321"}],"version-history":[{"count":0,"href":"https:\/\/plazajuarez.mx\/historico\/wp-json\/wp\/v2\/posts\/235321\/revisions"}],"wp:featuredmedia":[{"embeddable":true,"href":"https:\/\/plazajuarez.mx\/historico\/wp-json\/wp\/v2\/media\/235322"}],"wp:attachment":[{"href":"https:\/\/plazajuarez.mx\/historico\/wp-json\/wp\/v2\/media?parent=235321"}],"wp:term":[{"taxonomy":"category","embeddable":true,"href":"https:\/\/plazajuarez.mx\/historico\/wp-json\/wp\/v2\/categories?post=235321"},{"taxonomy":"post_tag","embeddable":true,"href":"https:\/\/plazajuarez.mx\/historico\/wp-json\/wp\/v2\/tags?post=235321"}],"curies":[{"name":"wp","href":"https:\/\/api.w.org\/{rel}","templated":true}]}}