{"id":235318,"date":"2022-10-22T16:34:56","date_gmt":"2022-10-22T21:34:56","guid":{"rendered":"https:\/\/plazajuarez.mx\/?p=235318"},"modified":"2022-10-22T16:35:02","modified_gmt":"2022-10-22T21:35:02","slug":"roslyn_","status":"publish","type":"post","link":"https:\/\/plazajuarez.mx\/historico\/roslyn_\/","title":{"rendered":"Jalisco y Nayarit en alerta m\u00e1xima por hurac\u00e1n &#8220;Roslyn&#8221;"},"content":{"rendered":"\n<p> Ante el inminente paso del hurac\u00e1n &#8220;Roslyn&#8221; por las costas de Jalisco y Nayarit, ambas entidades han desplegado personal operativo para establecer albergues, iniciar evacuaciones de ser necesario y realizar labores de auxilio.<\/p>\n\n\n\n<p>En Nayarit el personal de las distintas corporaciones municipales, estatales y federales se traslad\u00f3 a los puntos estrat\u00e9gicos de los municipios donde existe el posible riesgo de afectaci\u00f3n; adem\u00e1s se ha colocado bandera roja en todas las playas del estado para evitar actividades en ellas y se ha recomendado a los propietarios de peque\u00f1as embarcaciones resguardarlas en tierra firme.<\/p>\n\n\n\n<p>En Jalisco la Unidad Estatal de Protecci\u00f3n Civil y Bomberos de Jalisco (UEPCBJ) ha evacuado a 270 personas del municipio de La Huerta; a 33 de estas, se les proporcion\u00f3 asistencia en albergues dentro de este municipio, el resto de las personas decidieron acudir con familiares cercanos.<\/p>\n\n\n\n<p>Hasta el momento el DIF Jalisco tiene habilitados dos albergues en el Municipio de La Huerta y cinco en Puerto Vallarta, todos cuentan con los insumos necesarios para la estad\u00eda de quienes opten por permanecer en dichas instalaciones.<\/p>\n\n\n\n<p>Oficiales de la Comandancia Regional Puerto Vallarta se desplegaron a las comunidades que solo tienen accesos mar\u00edtimos como Yelapa, Quimixto, Aquiles Serdan, Chimo, Mayto y Pizota para iniciar con labores de evacuaci\u00f3n.<\/p>\n\n\n\n<p>Se prev\u00e9 que para esta tarde y noche de s\u00e1bado el hurac\u00e1n gire su trayectoria hacia las costas de Nayarit, Jalisco y Sinaloa, y el domingo acelere su desplazamiento y se dirija directo a las costas de Jalisco y Nayarit.<\/p>\n\n\n\n<p>De acuerdo con el pron\u00f3stico tocar\u00eda tierra sobre la costa costa centro-norte de Nayarit, en Santiago Ixcuintla la ma\u00f1ana del domingo, por lo que el periodo cr\u00edtico para la regi\u00f3n se extender\u00eda de la noche del s\u00e1bado a la tarde de domingo, generar\u00e1 vientos severo, oleaje elevado, lluvias fuertes a intensas con posibles torrenciales, deslizamiento de laderas, crecida de r\u00edos e inundaciones.<\/p>\n\n\n\n<p>Por lo tanto se recomienda a la poblaci\u00f3n permanecer en sus domicilios y solo salir en caso de emergencia, evitar transitar durante las horas m\u00e1s cr\u00edticas por las carreteras de las regiones, a la poblaci\u00f3n con casas y edificaciones que se encuentren cerca o a los costados de los r\u00edos y arroyos, se pide mantenerse alerta a indicaciones de las autoridades para de ser necesario evacuar.<\/p>\n\n\n\n<p>Para las y los turistas de las zonas costeras, se recomienda se mantengan informados a trav\u00e9s de las Unidades internas de Protecci\u00f3n Civil de los complejos hoteleros y tambi\u00e9n a trav\u00e9s de las autoridades correspondientes.<\/p>\n","protected":false},"excerpt":{"rendered":"<p>Ante el inminente paso del hurac\u00e1n &#8220;Roslyn&#8221; por las costas de Jalisco y Nayarit, ambas entidades han desplegado personal operativo para establecer albergues, iniciar evacuaciones de ser necesario y realizar labores de auxilio. En Nayarit el personal de las distintas corporaciones municipales, estatales y federales se traslad\u00f3 a los puntos estrat\u00e9gicos de los municipios donde [&hellip;]<\/p>\n","protected":false},"author":81,"featured_media":235319,"comment_status":"closed","ping_status":"closed","sticky":false,"template":"","format":"standard","meta":{"footnotes":""},"categories":[15,36],"tags":[],"class_list":["post-235318","post","type-post","status-publish","format-standard","has-post-thumbnail","hentry","category-destacadas","category-nacion"],"_links":{"self":[{"href":"https:\/\/plazajuarez.mx\/historico\/wp-json\/wp\/v2\/posts\/235318","targetHints":{"allow":["GET"]}}],"collection":[{"href":"https:\/\/plazajuarez.mx\/historico\/wp-json\/wp\/v2\/posts"}],"about":[{"href":"https:\/\/plazajuarez.mx\/historico\/wp-json\/wp\/v2\/types\/post"}],"author":[{"embeddable":true,"href":"https:\/\/plazajuarez.mx\/historico\/wp-json\/wp\/v2\/users\/81"}],"replies":[{"embeddable":true,"href":"https:\/\/plazajuarez.mx\/historico\/wp-json\/wp\/v2\/comments?post=235318"}],"version-history":[{"count":0,"href":"https:\/\/plazajuarez.mx\/historico\/wp-json\/wp\/v2\/posts\/235318\/revisions"}],"wp:featuredmedia":[{"embeddable":true,"href":"https:\/\/plazajuarez.mx\/historico\/wp-json\/wp\/v2\/media\/235319"}],"wp:attachment":[{"href":"https:\/\/plazajuarez.mx\/historico\/wp-json\/wp\/v2\/media?parent=235318"}],"wp:term":[{"taxonomy":"category","embeddable":true,"href":"https:\/\/plazajuarez.mx\/historico\/wp-json\/wp\/v2\/categories?post=235318"},{"taxonomy":"post_tag","embeddable":true,"href":"https:\/\/plazajuarez.mx\/historico\/wp-json\/wp\/v2\/tags?post=235318"}],"curies":[{"name":"wp","href":"https:\/\/api.w.org\/{rel}","templated":true}]}}