{"id":2352,"date":"2015-03-16T06:00:00","date_gmt":"2015-03-16T06:00:00","guid":{"rendered":"http:\/\/plazajuarez.mx\/index\/index.php\/2015\/03\/16\/vendeta-del-gobierno-en-el-despido-de-aristegui-morena\/"},"modified":"2015-03-16T06:00:00","modified_gmt":"2015-03-16T06:00:00","slug":"vendeta-del-gobierno-en-el-despido-de-aristegui-morena","status":"publish","type":"post","link":"https:\/\/plazajuarez.mx\/historico\/vendeta-del-gobierno-en-el-despido-de-aristegui-morena\/","title":{"rendered":"Vendeta del gobierno en el  despido de Aristegui: Morena"},"content":{"rendered":"<p>M\u00e9xico, DF.- El dirigente nacional del partido Movimiento Regeneraci\u00f3n Nacional (Morena), Mart\u00ed Batres, reprob\u00f3 la decisi\u00f3n de la empresa MVS, de renunciar a la periodista Carmen Ariestegui.<\/p>\n<p>  <!--more-->  <\/p>\n<p>\u00a0<\/p>\n<p>Entrevistado en el Instituto Electoral del Distrito Federal (IEDF) manifest\u00f3: \u201cHay una enorme presi\u00f3n del gobierno federal en ese caso; hay una revancha, una venganza, una vendeta del gobierno federal en contra de los periodistas que dieron a conocer el asunto de la Casa Blanca, de Enrique Pe\u00f1a Nieto\u201d.<\/p>\n<p>Cuestionado sobre la implicaci\u00f3n que tendr\u00e1 la renuncia de la conductora del programa Aristegui Noticias, coment\u00f3 que \u201ces un hecho lamentable y ominoso, porque vulnera la libertad de expresi\u00f3n, la libertad de prensa en el pa\u00eds\u201d.\u00a0 (Agencias)<\/p>\n","protected":false},"excerpt":{"rendered":"<p>M\u00e9xico, DF.- El dirigente nacional del partido Movimiento Regeneraci\u00f3n Nacional (Morena), Mart\u00ed Batres, reprob\u00f3 la decisi\u00f3n de la empresa MVS, de renunciar a la periodista Carmen Ariestegui.<\/p>\n","protected":false},"author":93,"featured_media":0,"comment_status":"open","ping_status":"open","sticky":false,"template":"","format":"standard","meta":{"footnotes":""},"categories":[36],"tags":[],"class_list":["post-2352","post","type-post","status-publish","format-standard","hentry","category-nacion"],"_links":{"self":[{"href":"https:\/\/plazajuarez.mx\/historico\/wp-json\/wp\/v2\/posts\/2352","targetHints":{"allow":["GET"]}}],"collection":[{"href":"https:\/\/plazajuarez.mx\/historico\/wp-json\/wp\/v2\/posts"}],"about":[{"href":"https:\/\/plazajuarez.mx\/historico\/wp-json\/wp\/v2\/types\/post"}],"author":[{"embeddable":true,"href":"https:\/\/plazajuarez.mx\/historico\/wp-json\/wp\/v2\/users\/93"}],"replies":[{"embeddable":true,"href":"https:\/\/plazajuarez.mx\/historico\/wp-json\/wp\/v2\/comments?post=2352"}],"version-history":[{"count":0,"href":"https:\/\/plazajuarez.mx\/historico\/wp-json\/wp\/v2\/posts\/2352\/revisions"}],"wp:attachment":[{"href":"https:\/\/plazajuarez.mx\/historico\/wp-json\/wp\/v2\/media?parent=2352"}],"wp:term":[{"taxonomy":"category","embeddable":true,"href":"https:\/\/plazajuarez.mx\/historico\/wp-json\/wp\/v2\/categories?post=2352"},{"taxonomy":"post_tag","embeddable":true,"href":"https:\/\/plazajuarez.mx\/historico\/wp-json\/wp\/v2\/tags?post=2352"}],"curies":[{"name":"wp","href":"https:\/\/api.w.org\/{rel}","templated":true}]}}