{"id":235172,"date":"2022-10-21T15:25:00","date_gmt":"2022-10-21T20:25:00","guid":{"rendered":"https:\/\/plazajuarez.mx\/?p=235172"},"modified":"2022-10-21T15:25:06","modified_gmt":"2022-10-21T20:25:06","slug":"reciben-a-secretario-de-gobernacion-adan-augusto-en-congreso-de-hidalgo","status":"publish","type":"post","link":"https:\/\/plazajuarez.mx\/historico\/reciben-a-secretario-de-gobernacion-adan-augusto-en-congreso-de-hidalgo\/","title":{"rendered":"Reciben a Secretario de Gobernaci\u00f3n, Ad\u00e1n Augusto, en Congreso de Hidalgo"},"content":{"rendered":"\n<p>En sesi\u00f3n solemne de la LXV Legislatura del Congreso del Estado de Hidalgo, diputados recibieron al titular de la secretar\u00eda de gobernaci\u00f3n del gobierno federal, Ad\u00e1n Augusto L\u00f3pez para tratar la minuta modificada que valida que las fuerzas armadas permanezcan hasta el 2028 para apoyar en tareas de seguridad p\u00fablica.<\/p>\n\n\n\n<p>Cabe destacar que \u00e9sta fue aprobada en el Congreso de la Uni\u00f3n el pasado 13 de Octubre, para mandarlo al ejecutivo federal para su ratificaci\u00f3n y turnarlo a los congresos estatales para su aprobaci\u00f3n.<\/p>\n","protected":false},"excerpt":{"rendered":"<p>En sesi\u00f3n solemne de la LXV Legislatura del Congreso del Estado de Hidalgo, diputados recibieron al titular de la secretar\u00eda de gobernaci\u00f3n del gobierno federal, Ad\u00e1n Augusto L\u00f3pez para tratar la minuta modificada que valida que las fuerzas armadas permanezcan hasta el 2028 para apoyar en tareas de seguridad p\u00fablica. Cabe destacar que \u00e9sta fue [&hellip;]<\/p>\n","protected":false},"author":73,"featured_media":235173,"comment_status":"closed","ping_status":"closed","sticky":false,"template":"","format":"standard","meta":{"footnotes":""},"categories":[15,59,2159],"tags":[],"class_list":["post-235172","post","type-post","status-publish","format-standard","has-post-thumbnail","hentry","category-destacadas","category-general","category-noticias-de-hidalgo"],"_links":{"self":[{"href":"https:\/\/plazajuarez.mx\/historico\/wp-json\/wp\/v2\/posts\/235172","targetHints":{"allow":["GET"]}}],"collection":[{"href":"https:\/\/plazajuarez.mx\/historico\/wp-json\/wp\/v2\/posts"}],"about":[{"href":"https:\/\/plazajuarez.mx\/historico\/wp-json\/wp\/v2\/types\/post"}],"author":[{"embeddable":true,"href":"https:\/\/plazajuarez.mx\/historico\/wp-json\/wp\/v2\/users\/73"}],"replies":[{"embeddable":true,"href":"https:\/\/plazajuarez.mx\/historico\/wp-json\/wp\/v2\/comments?post=235172"}],"version-history":[{"count":0,"href":"https:\/\/plazajuarez.mx\/historico\/wp-json\/wp\/v2\/posts\/235172\/revisions"}],"wp:featuredmedia":[{"embeddable":true,"href":"https:\/\/plazajuarez.mx\/historico\/wp-json\/wp\/v2\/media\/235173"}],"wp:attachment":[{"href":"https:\/\/plazajuarez.mx\/historico\/wp-json\/wp\/v2\/media?parent=235172"}],"wp:term":[{"taxonomy":"category","embeddable":true,"href":"https:\/\/plazajuarez.mx\/historico\/wp-json\/wp\/v2\/categories?post=235172"},{"taxonomy":"post_tag","embeddable":true,"href":"https:\/\/plazajuarez.mx\/historico\/wp-json\/wp\/v2\/tags?post=235172"}],"curies":[{"name":"wp","href":"https:\/\/api.w.org\/{rel}","templated":true}]}}