{"id":23515,"date":"2016-06-23T12:38:41","date_gmt":"2016-06-23T12:38:41","guid":{"rendered":"http:\/\/plazajuarez.mx\/index\/index.php\/2016\/06\/23\/comienza-mesa-de-dialogo-entre-segob-y-cnte\/"},"modified":"2016-06-23T12:38:41","modified_gmt":"2016-06-23T12:38:41","slug":"comienza-mesa-de-dialogo-entre-segob-y-cnte","status":"publish","type":"post","link":"https:\/\/plazajuarez.mx\/historico\/comienza-mesa-de-dialogo-entre-segob-y-cnte\/","title":{"rendered":"Comienza mesa de di\u00e1logo entre Segob y CNTE"},"content":{"rendered":"<p>Comisi\u00f3n de 32 maestros disidentes<br \/>\u25cf\u00a0\u00a0\u00a0 Entraron gritando la consigna: \u00a1Va a caer, la reforma va a caer!<\/p>\n<p>  <!--more-->  <\/p>\n<p>Ciudad de M\u00e9xico.- Con una hora y media de retraso, comenz\u00f3 la mesa de di\u00e1logo entre el titular de la Secretar\u00eda de Gobernaci\u00f3n (Segob), Miguel \u00c1ngel Osorio Chong, y maestros de la Coordinadora Nacional de Trabajadores del Educaci\u00f3n (CNTE), en la cual se buscar\u00e1 una soluci\u00f3n para la situaci\u00f3n que vive el estado de Oaxaca. <br \/>Con la consigna \u201c\u00a1Va a caer! \u00a1Va a caer! \u00a1Va a caer! \u00a1La reforma va a caer!\u201d y \u201cde Chiapas a Sonora, con la Coordinadora, de Chiapas a Sonora con la Coordinadora&#8221;, unos 32 maestros disidentes ingresaron al sal\u00f3n Ju\u00e1rez del Palacio de Covi\u00e1n. <br \/>Por parte de la CNTE asisten los integrantes de la Comisi\u00f3n Nacional \u00danica Negociadora integrada por los secretarios generales de las secciones y miembros de la Comisi\u00f3n Pol\u00edtica Nacional: Enrique Enr\u00edquez, y Francisco Bravo, de la secci\u00f3n 9 CNTE, y Adelfo G\u00f3mez, secci\u00f3n 7 Chiapas, entre otros. <br \/>Tambi\u00e9n asisten integrantes de la Comisi\u00f3n Nacional de Intermediaci\u00f3n como Miguel \u00c1lvarez y Pietro Ameglio.<\/p>\n","protected":false},"excerpt":{"rendered":"<p>Comisi\u00f3n de 32 maestros disidentes\u25cf\u00a0\u00a0\u00a0 Entraron gritando la consigna: \u00a1Va a caer, la reforma va a caer!<\/p>\n","protected":false},"author":93,"featured_media":0,"comment_status":"open","ping_status":"open","sticky":false,"template":"","format":"standard","meta":{"footnotes":""},"categories":[36],"tags":[],"class_list":["post-23515","post","type-post","status-publish","format-standard","hentry","category-nacion"],"_links":{"self":[{"href":"https:\/\/plazajuarez.mx\/historico\/wp-json\/wp\/v2\/posts\/23515","targetHints":{"allow":["GET"]}}],"collection":[{"href":"https:\/\/plazajuarez.mx\/historico\/wp-json\/wp\/v2\/posts"}],"about":[{"href":"https:\/\/plazajuarez.mx\/historico\/wp-json\/wp\/v2\/types\/post"}],"author":[{"embeddable":true,"href":"https:\/\/plazajuarez.mx\/historico\/wp-json\/wp\/v2\/users\/93"}],"replies":[{"embeddable":true,"href":"https:\/\/plazajuarez.mx\/historico\/wp-json\/wp\/v2\/comments?post=23515"}],"version-history":[{"count":0,"href":"https:\/\/plazajuarez.mx\/historico\/wp-json\/wp\/v2\/posts\/23515\/revisions"}],"wp:attachment":[{"href":"https:\/\/plazajuarez.mx\/historico\/wp-json\/wp\/v2\/media?parent=23515"}],"wp:term":[{"taxonomy":"category","embeddable":true,"href":"https:\/\/plazajuarez.mx\/historico\/wp-json\/wp\/v2\/categories?post=23515"},{"taxonomy":"post_tag","embeddable":true,"href":"https:\/\/plazajuarez.mx\/historico\/wp-json\/wp\/v2\/tags?post=23515"}],"curies":[{"name":"wp","href":"https:\/\/api.w.org\/{rel}","templated":true}]}}