{"id":235135,"date":"2022-10-21T10:28:00","date_gmt":"2022-10-21T15:28:00","guid":{"rendered":"https:\/\/plazajuarez.mx\/?p=235135"},"modified":"2022-10-21T13:30:51","modified_gmt":"2022-10-21T18:30:51","slug":"muralista-mexicano-artista-oficial-de-los-latin-grammy","status":"publish","type":"post","link":"https:\/\/plazajuarez.mx\/historico\/muralista-mexicano-artista-oficial-de-los-latin-grammy\/","title":{"rendered":"Muralista mexicano, artista\u00a0oficial de los Latin Grammy"},"content":{"rendered":"\n<p>La Academia Latina de la Grabaci\u00f3n anunci\u00f3 este jueves que el muralista mexicano Quetzal Fuerte ha sido seleccionado como artista oficial de la edici\u00f3n 2022 de los premios Latin Grammy, lo que incluye la emisi\u00f3n de un token no fungible (NFT) gratuito del mural que realiz\u00f3 con motivo de la gala.<\/p>\n\n\n\n<p>El mural, en el que est\u00e1 representado el gram\u00f3fono que es el s\u00edmbolo de la Academia y varios instrumentos musicales, se puede ver ya en Morelia (M\u00e9xico).<\/p>\n\n\n\n<p>Fuerte crear\u00e1 uno igual en noviembre para el Museo Grammy de Los \u00c1ngeles, seg\u00fan un comunicado de la organizaci\u00f3n responsable de los premios.<\/p>\n","protected":false},"excerpt":{"rendered":"<p>La Academia Latina de la Grabaci\u00f3n anunci\u00f3 este jueves que el muralista mexicano Quetzal Fuerte ha sido seleccionado como artista oficial de la edici\u00f3n 2022 de los premios Latin Grammy, lo que incluye la emisi\u00f3n de un token no fungible (NFT) gratuito del mural que realiz\u00f3 con motivo de la gala. El mural, en el [&hellip;]<\/p>\n","protected":false},"author":80,"featured_media":235139,"comment_status":"closed","ping_status":"closed","sticky":false,"template":"","format":"standard","meta":{"footnotes":""},"categories":[41],"tags":[],"class_list":["post-235135","post","type-post","status-publish","format-standard","has-post-thumbnail","hentry","category-arteria-cultural"],"_links":{"self":[{"href":"https:\/\/plazajuarez.mx\/historico\/wp-json\/wp\/v2\/posts\/235135","targetHints":{"allow":["GET"]}}],"collection":[{"href":"https:\/\/plazajuarez.mx\/historico\/wp-json\/wp\/v2\/posts"}],"about":[{"href":"https:\/\/plazajuarez.mx\/historico\/wp-json\/wp\/v2\/types\/post"}],"author":[{"embeddable":true,"href":"https:\/\/plazajuarez.mx\/historico\/wp-json\/wp\/v2\/users\/80"}],"replies":[{"embeddable":true,"href":"https:\/\/plazajuarez.mx\/historico\/wp-json\/wp\/v2\/comments?post=235135"}],"version-history":[{"count":0,"href":"https:\/\/plazajuarez.mx\/historico\/wp-json\/wp\/v2\/posts\/235135\/revisions"}],"wp:featuredmedia":[{"embeddable":true,"href":"https:\/\/plazajuarez.mx\/historico\/wp-json\/wp\/v2\/media\/235139"}],"wp:attachment":[{"href":"https:\/\/plazajuarez.mx\/historico\/wp-json\/wp\/v2\/media?parent=235135"}],"wp:term":[{"taxonomy":"category","embeddable":true,"href":"https:\/\/plazajuarez.mx\/historico\/wp-json\/wp\/v2\/categories?post=235135"},{"taxonomy":"post_tag","embeddable":true,"href":"https:\/\/plazajuarez.mx\/historico\/wp-json\/wp\/v2\/tags?post=235135"}],"curies":[{"name":"wp","href":"https:\/\/api.w.org\/{rel}","templated":true}]}}