{"id":235036,"date":"2022-10-21T09:06:30","date_gmt":"2022-10-21T14:06:30","guid":{"rendered":"https:\/\/plazajuarez.mx\/?p=235036"},"modified":"2022-10-21T09:06:36","modified_gmt":"2022-10-21T14:06:36","slug":"laguna","status":"publish","type":"post","link":"https:\/\/plazajuarez.mx\/historico\/laguna\/","title":{"rendered":"LAGUNA"},"content":{"rendered":"\n<h2 class=\"wp-block-heading\"><strong>ALFIL NEGRO<\/strong><\/h2>\n\n\n\n<p>Mi pueblo tiene alma de agua,<\/p>\n\n\n\n<p>Del agua de su laguna,<\/p>\n\n\n\n<p>Donde viven peces blancos<\/p>\n\n\n\n<p>Con alma de plata pura,<\/p>\n\n\n\n<p>Y otros peces colorados<\/p>\n\n\n\n<p>Del oro de la monta\u00f1a,<\/p>\n\n\n\n<p>Y otros siempre luminosos<\/p>\n\n\n\n<p>Diamantes, escamas vivas.<\/p>\n\n\n\n<p>Es nuestra vieja laguna<\/p>\n\n\n\n<p>Con un islote en su medio,<\/p>\n\n\n\n<p>Y patos que van y vienen<\/p>\n\n\n\n<p>Caligraf\u00eda del misterio,<\/p>\n\n\n\n<p>Y en las noches luna entera<\/p>\n\n\n\n<p>Dice y cuenta la leyenda<\/p>\n\n\n\n<p>Que canta y nada nadando<\/p>\n\n\n\n<p>Una sirena de luces,<\/p>\n\n\n\n<p>Con una corte de peces<\/p>\n\n\n\n<p>Y un coro de patos negros.<\/p>\n\n\n\n<p>En el pueblo desde ni\u00f1os<\/p>\n\n\n\n<p>Nos ense\u00f1aron los padres,<\/p>\n\n\n\n<p>Que tenemos como herencia<\/p>\n\n\n\n<p>Esa laguna de estrellas,<\/p>\n\n\n\n<p>Y conforme pasa el tiempo<\/p>\n\n\n\n<p>A\u00fan lejos de este pueblo,<\/p>\n\n\n\n<p>Llevamos dentro del alma<\/p>\n\n\n\n<p>La imagen de la laguna,<\/p>\n\n\n\n<p>Dentro de un cr\u00e1ter de fuego<\/p>\n\n\n\n<p>Donde lavan las mujeres,<\/p>\n\n\n\n<p>Y los ni\u00f1os se divierten<\/p>\n\n\n\n<p>Con piedras a los \u201cpatitos\u201d<\/p>\n\n\n\n<p>Todo empieza y todo acaba<\/p>\n\n\n\n<p>En aguas de la laguna,<\/p>\n\n\n\n<p>Que conoce nuestra historia<\/p>\n\n\n\n<p>Nuestras penas y alegr\u00edas,<\/p>\n\n\n\n<p>Sabe del ni\u00f1o que nace,<\/p>\n\n\n\n<p>Del anciano que nos deja,<\/p>\n\n\n\n<p>De las fiestas y velorios,<\/p>\n\n\n\n<p>De los bu\u00f1uelos de az\u00facar<\/p>\n\n\n\n<p>En sart\u00e9n de navidades,<\/p>\n\n\n\n<p>Y llegan hasta sus aguas<\/p>\n\n\n\n<p>Historias y vida diaria,<\/p>\n\n\n\n<p>Y en la capilla del pueblo<\/p>\n\n\n\n<p>La laguna es Tiber\u00edades,<\/p>\n\n\n\n<p>Donde el maestro bendito<\/p>\n\n\n\n<p>En una barca de Pedro,<\/p>\n\n\n\n<p>Predica y habla a la gente<\/p>\n\n\n\n<p>Evangelio hecho de peces,<\/p>\n\n\n\n<p>Mi laguna Tiber\u00edades.<\/p>\n\n\n\n<p>Hoy en el pueblo hay tristeza<\/p>\n\n\n\n<p>Y se escucha mucho llanto,<\/p>\n\n\n\n<p>Un silencio que lastima,<\/p>\n\n\n\n<p>Un miedo desconocido<\/p>\n\n\n\n<p>Y una duda que duele,<\/p>\n\n\n\n<p>Porque sin raz\u00f3n alguna<\/p>\n\n\n\n<p>Y nadie que lo comprenda,<\/p>\n\n\n\n<p>Despu\u00e9s de d\u00edas de agon\u00eda<\/p>\n\n\n\n<p>Se sec\u00f3 nuestra laguna,<\/p>\n\n\n\n<p>Y en las noches todo negro<\/p>\n\n\n\n<p>Sin estrellas luminosas,<\/p>\n\n\n\n<p>El agua se fue y no vuelve,<\/p>\n\n\n\n<p>Los peces ya se marcharon,<\/p>\n\n\n\n<p>Los patos todos volaron\u2026<\/p>\n\n\n\n<p>Se sec\u00f3 nuestra laguna.<\/p>\n\n\n\n<p>La luna anda enloquecida<\/p>\n\n\n\n<p>Busca su espejo de plata<\/p>\n\n\n\n<p>Donde peinar sus cabellos,<\/p>\n\n\n\n<p>Y en las noches un lamento<\/p>\n\n\n\n<p>La sirena que no encuentra<\/p>\n\n\n\n<p>El mundo de su laguna,<\/p>\n\n\n\n<p>Ni su corte de pescados<\/p>\n\n\n\n<p>Y su ej\u00e9rcito de patos.<\/p>\n\n\n\n<p>Y en el pueblo todo cambia<\/p>\n\n\n\n<p>Sin laguna no se entiende,<\/p>\n\n\n\n<p>La presencia por los calles<\/p>\n\n\n\n<p>De gente que aunque ya ida,<\/p>\n\n\n\n<p>Sigue y sigue caminando<\/p>\n\n\n\n<p>Para ver su laguna.<\/p>\n\n\n\n<p>Ahora que ella se ha ido,<\/p>\n\n\n\n<p>Parece que mucha gente,<\/p>\n\n\n\n<p>Que no acababa de irse<\/p>\n\n\n\n<p>No volver\u00e1 a nuestras calles<\/p>\n\n\n\n<p>Y se marchar\u00e1 por siempre,<\/p>\n\n\n\n<p>Y una laguna distinta<\/p>\n\n\n\n<p>De soledad y tristeza<\/p>\n\n\n\n<p>Inundara nuestras casas<\/p>\n\n\n\n<p>Horas tristes de la ausencia,<\/p>\n\n\n\n<p>De una laguna de plata<\/p>\n\n\n\n<p>Que se nos fue de repente.<\/p>\n\n\n\n<p>Pero aqu\u00ed dentro del alma<\/p>\n\n\n\n<p>La esperanza sigue viva,<\/p>\n\n\n\n<p>De que un d\u00eda tambi\u00e9n de sorpresa<\/p>\n\n\n\n<p>Regrese nuestra laguna,<\/p>\n\n\n\n<p>Con sus peces de colores,<\/p>\n\n\n\n<p>Sus patos y sus carreras,<\/p>\n\n\n\n<p>La luna coqueta y pura<\/p>\n\n\n\n<p>Pein\u00e1ndose en ese espejo,<\/p>\n\n\n\n<p>Y una sirena de sue\u00f1os<\/p>\n\n\n\n<p>Cantado en la madrugada<\/p>\n\n\n\n<p>Con un coro de pescados<\/p>\n\n\n\n<p>Y un escudo de patos.<\/p>\n","protected":false},"excerpt":{"rendered":"<p>ALFIL NEGRO Mi pueblo tiene alma de agua, Del agua de su laguna, Donde viven peces blancos Con alma de plata pura, Y otros peces colorados Del oro de la monta\u00f1a, Y otros siempre luminosos Diamantes, escamas vivas. Es nuestra vieja laguna Con un islote en su medio, Y patos que van y vienen Caligraf\u00eda [&hellip;]<\/p>\n","protected":false},"author":83,"featured_media":234680,"comment_status":"closed","ping_status":"closed","sticky":false,"template":"","format":"standard","meta":{"footnotes":""},"categories":[48,42],"tags":[],"class_list":["post-235036","post","type-post","status-publish","format-standard","has-post-thumbnail","hentry","category-adalberto-peralta","category-nuestrapalabra"],"_links":{"self":[{"href":"https:\/\/plazajuarez.mx\/historico\/wp-json\/wp\/v2\/posts\/235036","targetHints":{"allow":["GET"]}}],"collection":[{"href":"https:\/\/plazajuarez.mx\/historico\/wp-json\/wp\/v2\/posts"}],"about":[{"href":"https:\/\/plazajuarez.mx\/historico\/wp-json\/wp\/v2\/types\/post"}],"author":[{"embeddable":true,"href":"https:\/\/plazajuarez.mx\/historico\/wp-json\/wp\/v2\/users\/83"}],"replies":[{"embeddable":true,"href":"https:\/\/plazajuarez.mx\/historico\/wp-json\/wp\/v2\/comments?post=235036"}],"version-history":[{"count":0,"href":"https:\/\/plazajuarez.mx\/historico\/wp-json\/wp\/v2\/posts\/235036\/revisions"}],"wp:featuredmedia":[{"embeddable":true,"href":"https:\/\/plazajuarez.mx\/historico\/wp-json\/wp\/v2\/media\/234680"}],"wp:attachment":[{"href":"https:\/\/plazajuarez.mx\/historico\/wp-json\/wp\/v2\/media?parent=235036"}],"wp:term":[{"taxonomy":"category","embeddable":true,"href":"https:\/\/plazajuarez.mx\/historico\/wp-json\/wp\/v2\/categories?post=235036"},{"taxonomy":"post_tag","embeddable":true,"href":"https:\/\/plazajuarez.mx\/historico\/wp-json\/wp\/v2\/tags?post=235036"}],"curies":[{"name":"wp","href":"https:\/\/api.w.org\/{rel}","templated":true}]}}