{"id":2349,"date":"2015-03-16T06:00:00","date_gmt":"2015-03-16T06:00:00","guid":{"rendered":"http:\/\/plazajuarez.mx\/index\/index.php\/2015\/03\/16\/firma-ildefonso-guajardo-acuerdo-automotriz-con-argentina\/"},"modified":"2015-03-16T06:00:00","modified_gmt":"2015-03-16T06:00:00","slug":"firma-ildefonso-guajardo-acuerdo-automotriz-con-argentina","status":"publish","type":"post","link":"https:\/\/plazajuarez.mx\/historico\/firma-ildefonso-guajardo-acuerdo-automotriz-con-argentina\/","title":{"rendered":"Firma Ildefonso Guajardo acuerdo  automotriz con Argentina"},"content":{"rendered":"<p>Buenos Aires.- El secretario de Econom\u00eda de M\u00e9xico, Ildefonso Guajardo, firm\u00f3 aqu\u00ed un acuerdo de comercio automotriz con la ministra de Industria de Argentina, D\u00e9bora Giorgi, que impulsar\u00e1 el estrat\u00e9gico intercambio del sector entre ambos pa\u00edses.<\/p>\n<p>  <!--more-->  <\/p>\n<p>\u00a0<\/p>\n<p>La embajada de M\u00e9xico en Argentina inform\u00f3 en un comunicado que ambos funcionarios concluyeron ayer con las reuniones bilaterales que llevaron a cabo para suscribir el convenio que regir\u00e1 durante los pr\u00f3ximos cuatro a\u00f1os el comercio automotor.<\/p>\n<p>El punto clave es que, gracias a este acuerdo, se mantendr\u00e1n libres de aranceles los flujos bilaterales de comercio en el sector automotriz, mediante un esquema de cupos y de intercambio compensado. As\u00ed, de manera paulatina, existe el compromiso de que M\u00e9xico y Argentina regresen al esquema de libre comercio el 19 de marzo de 2019.<\/p>\n<p>A la reuni\u00f3n tambi\u00e9n asistieron el ministro de Econom\u00eda de Argentina, Axel Kiciloff; el embajador de M\u00e9xico en este pa\u00eds, Fernando Castro Trenti; el subsecretario de Comercio Exterior de M\u00e9xico, Francisco de Rosenzweig, y los secretarios de Planeamiento Estrat\u00e9gico Industrial, Horacio Cepeda, y de Relaciones Econ\u00f3micas Internacionales, Carlos Bianco.<\/p>\n<p>El convenio logrado permitir\u00e1 que los veh\u00edculos ligeros y autopartes exportados entre M\u00e9xico y Argentina est\u00e9n exentos del pago de aranceles. Adem\u00e1s, habr\u00e1 cupos de exportaci\u00f3n crecientes y libres de arancel para el comercio de veh\u00edculos livianos que comenzar\u00e1n con un monto de 575 millones de d\u00f3lares el 19 de marzo de este a\u00f1o.<\/p>\n<p>La meta es alcanzar un cupo libre de aranceles por 638 millones de d\u00f3lares durante el \u00faltimo a\u00f1o del pacto, es decir, entre el 19 de marzo de 2018 y el 18 de marzo de 2019, en unas estimaciones realizadas con base en la evoluci\u00f3n esperada del mercado.<\/p>\n<p>Tambi\u00e9n se prev\u00e9 un mecanismo que otorga, independientemente de los cupos, una extensi\u00f3n de preferencias al exportador de veh\u00edculos livianos equivalente a las importaciones que realice una de las partes.<\/p>\n<p>La embajada mexicana afirm\u00f3 que &#8220;este acuerdo es muestra de la voluntad y de la cercan\u00eda propiciada por los gobiernos de M\u00e9xico y Argentina durante la administraci\u00f3n del presidente Enrique Pe\u00f1a Nieto y de la presidenta Cristina Fern\u00e1ndez de Kirchner&#8221;.<\/p>\n<p>Ambos presidentes, asegur\u00f3, tienen &#8220;el objetivo de continuar impulsando a la industria automotriz de ambos pa\u00edses, en beneficio de una mayor integraci\u00f3n productiva regional&#8221;. (Agencias)<\/p>\n","protected":false},"excerpt":{"rendered":"<p>Buenos Aires.- El secretario de Econom\u00eda de M\u00e9xico, Ildefonso Guajardo, firm\u00f3 aqu\u00ed un acuerdo de comercio automotriz con la ministra de Industria de Argentina, D\u00e9bora Giorgi, que impulsar\u00e1 el estrat\u00e9gico intercambio del sector entre ambos pa\u00edses.<\/p>\n","protected":false},"author":93,"featured_media":0,"comment_status":"open","ping_status":"open","sticky":false,"template":"","format":"standard","meta":{"footnotes":""},"categories":[36],"tags":[],"class_list":["post-2349","post","type-post","status-publish","format-standard","hentry","category-nacion"],"_links":{"self":[{"href":"https:\/\/plazajuarez.mx\/historico\/wp-json\/wp\/v2\/posts\/2349","targetHints":{"allow":["GET"]}}],"collection":[{"href":"https:\/\/plazajuarez.mx\/historico\/wp-json\/wp\/v2\/posts"}],"about":[{"href":"https:\/\/plazajuarez.mx\/historico\/wp-json\/wp\/v2\/types\/post"}],"author":[{"embeddable":true,"href":"https:\/\/plazajuarez.mx\/historico\/wp-json\/wp\/v2\/users\/93"}],"replies":[{"embeddable":true,"href":"https:\/\/plazajuarez.mx\/historico\/wp-json\/wp\/v2\/comments?post=2349"}],"version-history":[{"count":0,"href":"https:\/\/plazajuarez.mx\/historico\/wp-json\/wp\/v2\/posts\/2349\/revisions"}],"wp:attachment":[{"href":"https:\/\/plazajuarez.mx\/historico\/wp-json\/wp\/v2\/media?parent=2349"}],"wp:term":[{"taxonomy":"category","embeddable":true,"href":"https:\/\/plazajuarez.mx\/historico\/wp-json\/wp\/v2\/categories?post=2349"},{"taxonomy":"post_tag","embeddable":true,"href":"https:\/\/plazajuarez.mx\/historico\/wp-json\/wp\/v2\/tags?post=2349"}],"curies":[{"name":"wp","href":"https:\/\/api.w.org\/{rel}","templated":true}]}}