{"id":234895,"date":"2022-10-20T08:25:00","date_gmt":"2022-10-20T13:25:00","guid":{"rendered":"https:\/\/plazajuarez.mx\/?p=234895"},"modified":"2022-10-20T13:24:18","modified_gmt":"2022-10-20T18:24:18","slug":"floristas-del-panteon-municipal-de-pachuca-esperan-subir-sus-ventas","status":"publish","type":"post","link":"https:\/\/plazajuarez.mx\/historico\/floristas-del-panteon-municipal-de-pachuca-esperan-subir-sus-ventas\/","title":{"rendered":"Floristas del pante\u00f3n municipal de Pachuca, esperan subir sus ventas"},"content":{"rendered":"\n<p>Luego de m\u00e1s de dos a\u00f1os de pandemia por la Covid-19, vendedores del \u201cMercado de las Flores\u201d, ubicado fuera de las instalaciones del pante\u00f3n municipal de Pachuca, ven con esperanza los pr\u00f3ximos d\u00edas de celebraci\u00f3n de los fieles difuntos para incrementar sus ventas.<\/p>\n\n\n\n<p>La due\u00f1a del local n\u00famero 16, Lorenza Hern\u00e1ndez Rodr\u00edguez, asegur\u00f3: \u201cqueremos que venga gente a visitar a sus seres queridos, para que nos recuperemos un poquito de las ventas porque s\u00ed han estado muy tranquilas\u201d.<\/p>\n\n\n\n<p>Lo anterior al referir que su lugar en este espacio le ha costado trabajo y esfuerzo, y juntos con sus compa\u00f1eras comerciantes, quieren mantener su fuente de ingresos, dando un poco de colorido al lugar que resguarda los restos de los familiares de los visitantes.<\/p>\n\n\n\n<p>Dijo \u201cHace muchos a\u00f1os empec\u00e9 con tres o cuatro cubetas abajo del puente vendiendo flores, lleg\u00e1bamos y nos pon\u00edamos; despu\u00e9s con el padr\u00f3n nos pudimos quedar con un espacio para trabajar porque antes \u00e9ramos ambulantes, ahora son puestos fijos, solamente que nada m\u00e1s nos han dejado dos metros a cada quien\u201d.<\/p>\n\n\n\n<p>Precis\u00f3 que el uno y dos de noviembre, son los d\u00edas m\u00e1s fuertes en materia de ventas, por ello reiter\u00f3 la invitaci\u00f3n al p\u00fablico que acudir\u00e1 a que adquiera los productos que comercializan, mismos que se encuentran a precios accesibles.<\/p>\n\n\n\n<p>Coment\u00f3: \u201ctenemos arreglos florales, coronas, cruces, desde un ramito hasta un arreglo para regalo, rosas, gladiolas, polar que es el m\u00e1s com\u00fan, que es el que m\u00e1s se vende, cempas\u00fachil, manita de le\u00f3n, es la tradicional, y la nube\u201d.<\/p>\n\n\n\n<p>Agreg\u00f3: \u201cle hago un llamado a todas las familias que tienen a sus seres queridos aqu\u00ed, porque est\u00e1n muy abandonados desde hace tres a\u00f1os, entonces creo que ahorita es momento de visitar a sus seres queridos\u201d.<\/p>\n\n\n\n<p>Finaliz\u00f3: \u201chacemos una invitaci\u00f3n a toda la gente y que vengan a ver a sus seres queridos, porque el pante\u00f3n est\u00e1 muy abandonado, yo creo que a nuestros seres queridos tambi\u00e9n los hemos abandonado a ra\u00edz del COVID, esto nos ha afectado a todos los comerciantes, no nada m\u00e1s a nosotros, los floristas\u201d.<\/p>\n","protected":false},"excerpt":{"rendered":"<p>Luego de m\u00e1s de dos a\u00f1os de pandemia por la Covid-19, vendedores del \u201cMercado de las Flores\u201d, ubicado fuera de las instalaciones del pante\u00f3n municipal de Pachuca, ven con esperanza los pr\u00f3ximos d\u00edas de celebraci\u00f3n de los fieles difuntos para incrementar sus ventas. La due\u00f1a del local n\u00famero 16, Lorenza Hern\u00e1ndez Rodr\u00edguez, asegur\u00f3: \u201cqueremos que [&hellip;]<\/p>\n","protected":false},"author":73,"featured_media":234974,"comment_status":"closed","ping_status":"closed","sticky":false,"template":"","format":"standard","meta":{"footnotes":""},"categories":[15,59,2159],"tags":[],"class_list":["post-234895","post","type-post","status-publish","format-standard","has-post-thumbnail","hentry","category-destacadas","category-general","category-noticias-de-hidalgo"],"_links":{"self":[{"href":"https:\/\/plazajuarez.mx\/historico\/wp-json\/wp\/v2\/posts\/234895","targetHints":{"allow":["GET"]}}],"collection":[{"href":"https:\/\/plazajuarez.mx\/historico\/wp-json\/wp\/v2\/posts"}],"about":[{"href":"https:\/\/plazajuarez.mx\/historico\/wp-json\/wp\/v2\/types\/post"}],"author":[{"embeddable":true,"href":"https:\/\/plazajuarez.mx\/historico\/wp-json\/wp\/v2\/users\/73"}],"replies":[{"embeddable":true,"href":"https:\/\/plazajuarez.mx\/historico\/wp-json\/wp\/v2\/comments?post=234895"}],"version-history":[{"count":0,"href":"https:\/\/plazajuarez.mx\/historico\/wp-json\/wp\/v2\/posts\/234895\/revisions"}],"wp:featuredmedia":[{"embeddable":true,"href":"https:\/\/plazajuarez.mx\/historico\/wp-json\/wp\/v2\/media\/234974"}],"wp:attachment":[{"href":"https:\/\/plazajuarez.mx\/historico\/wp-json\/wp\/v2\/media?parent=234895"}],"wp:term":[{"taxonomy":"category","embeddable":true,"href":"https:\/\/plazajuarez.mx\/historico\/wp-json\/wp\/v2\/categories?post=234895"},{"taxonomy":"post_tag","embeddable":true,"href":"https:\/\/plazajuarez.mx\/historico\/wp-json\/wp\/v2\/tags?post=234895"}],"curies":[{"name":"wp","href":"https:\/\/api.w.org\/{rel}","templated":true}]}}