{"id":234854,"date":"2022-10-20T09:11:27","date_gmt":"2022-10-20T14:11:27","guid":{"rendered":"https:\/\/plazajuarez.mx\/?p=234854"},"modified":"2022-10-20T09:11:37","modified_gmt":"2022-10-20T14:11:37","slug":"dese-por-enterado-1039","status":"publish","type":"post","link":"https:\/\/plazajuarez.mx\/historico\/dese-por-enterado-1039\/","title":{"rendered":"DESE POR ENTERADO"},"content":{"rendered":"\n<p><strong>HOY S\u00cd HABR\u00c1 QU\u00d3RUM EN LA C\u00c1MARA DE DIPUTADOS.<\/strong> \u2013 La mayor\u00eda de las veces en que se convoca a sesi\u00f3n, buena parte de nuestros representantes populares simplemente no llegan porque: \u201cse les olvid\u00f3 que hab\u00eda cita\u201d, \u201cfueron al ba\u00f1o y los encerraron\u201d, \u201ctomaban caf\u00e9 y se les fue el tiempo\u201d, o porque simple y sencillamente, \u201cno ten\u00eda ganas de ir\u201d. Como consecuencia l\u00f3gica es que no se logra el n\u00famero m\u00ednimo de diputados para tener qu\u00f3rum y hacer sesi\u00f3n. Vaya pues que no les gusta trabajar para lo que se les contrat\u00f3 en una elecci\u00f3n. Pero hoy, j\u00farelo usted que estar\u00e1n puntuales y habr\u00e1 qu\u00f3rum. La raz\u00f3n es una y simple: el secretario de Gobernaci\u00f3n, <strong>Ad\u00e1n Augusto L\u00f3pez<\/strong>, el \u00faltimo de las corcholatas, pero el primero en la vitrina que se romper\u00e1 en caso de emergencia, estar\u00e1 presente para decirles que su voto para que el Ej\u00e9rcito Mexicano se mantenga en las calles del pa\u00eds, a trav\u00e9s de la Guardia Nacional, hasta el 2028, debe ser a favor. Es evidente que la votaci\u00f3n ir\u00e1 por ese rumbo, pero es importante que le expliquen a los que nunca van, por lo menos de qu\u00e9 se trata, porque luego ni eso saben.<\/p>\n\n\n\n<figure class=\"wp-block-image size-full\"><img loading=\"lazy\" decoding=\"async\" width=\"864\" height=\"695\" src=\"https:\/\/plazajuarez.mx\/historico\/historico\/wp-content\/uploads\/2022\/10\/HOY-SI\u0301-HABRA\u0301-QUO\u0301RUM-EN-LA-CA\u0301MARA-DE-DIPUTADOS.-\u2013Cortesi\u0301a-.jpg\" alt=\"\" class=\"wp-image-234855\" srcset=\"https:\/\/plazajuarez.mx\/historico\/wp-content\/uploads\/2022\/10\/HOY-SI\u0301-HABRA\u0301-QUO\u0301RUM-EN-LA-CA\u0301MARA-DE-DIPUTADOS.-\u2013Cortesi\u0301a-.jpg 864w, https:\/\/plazajuarez.mx\/historico\/wp-content\/uploads\/2022\/10\/HOY-SI\u0301-HABRA\u0301-QUO\u0301RUM-EN-LA-CA\u0301MARA-DE-DIPUTADOS.-\u2013Cortesi\u0301a--768x618.jpg 768w\" sizes=\"auto, (max-width: 864px) 100vw, 864px\" \/><\/figure>\n\n\n\n<p><strong>13 DE DICIEMBRE: LOS PRIMEROS 100 D\u00cdAS DEL GOBIERNO DE JULIO MENCHACA.<\/strong> \u2013 Por tradici\u00f3n, pero tambi\u00e9n por una raz\u00f3n que ahora se entiende, transcurridos los PRIMEROS 100 D\u00cdAS de una administraci\u00f3n, es cuando se puede tener un perfil claro y objetivo de lo que se puede esperar de todo el sexenio. Porque a un mes, dos meses, simplemente no se pueden tener elementos objetivos para emitir un juicio, y generalmente lo que se diga responde a fobias y maledicencias preconcebidas. Y al rev\u00e9s tambi\u00e9n, es decir que, pasados 100 d\u00edas, el que llega puede y debe tener un veredicto claro de lo que le dejaron bien, y lo que le dejaron mal. Antes tambi\u00e9n resulta una vacilada. Por eso la importancia de los primeros 100 d\u00edas, que, en el caso del gobierno de Julio Menchaca Salazar, se cumplen el pr\u00f3ximo 13 de diciembre del presente a\u00f1o.<\/p>\n\n\n\n<figure class=\"wp-block-image size-full\"><img loading=\"lazy\" decoding=\"async\" width=\"2560\" height=\"1639\" src=\"https:\/\/plazajuarez.mx\/historico\/historico\/wp-content\/uploads\/2022\/10\/13-DE-DICIEMBRE_-LOS-PRIMEROS-100-DI\u0301AS-DEL-GOBIERNO-DE-JULIO-MENCHACA.-\u2013Archivo--scaled.jpeg\" alt=\"\" class=\"wp-image-234857\" srcset=\"https:\/\/plazajuarez.mx\/historico\/wp-content\/uploads\/2022\/10\/13-DE-DICIEMBRE_-LOS-PRIMEROS-100-DI\u0301AS-DEL-GOBIERNO-DE-JULIO-MENCHACA.-\u2013Archivo--scaled.jpeg 2560w, https:\/\/plazajuarez.mx\/historico\/wp-content\/uploads\/2022\/10\/13-DE-DICIEMBRE_-LOS-PRIMEROS-100-DI\u0301AS-DEL-GOBIERNO-DE-JULIO-MENCHACA.-\u2013Archivo--768x492.jpeg 768w, https:\/\/plazajuarez.mx\/historico\/wp-content\/uploads\/2022\/10\/13-DE-DICIEMBRE_-LOS-PRIMEROS-100-DI\u0301AS-DEL-GOBIERNO-DE-JULIO-MENCHACA.-\u2013Archivo--1536x984.jpeg 1536w, https:\/\/plazajuarez.mx\/historico\/wp-content\/uploads\/2022\/10\/13-DE-DICIEMBRE_-LOS-PRIMEROS-100-DI\u0301AS-DEL-GOBIERNO-DE-JULIO-MENCHACA.-\u2013Archivo--2048x1312.jpeg 2048w, https:\/\/plazajuarez.mx\/historico\/wp-content\/uploads\/2022\/10\/13-DE-DICIEMBRE_-LOS-PRIMEROS-100-DI\u0301AS-DEL-GOBIERNO-DE-JULIO-MENCHACA.-\u2013Archivo--179x116.jpeg 179w\" sizes=\"auto, (max-width: 2560px) 100vw, 2560px\" \/><\/figure>\n\n\n\n<p><strong>SUSANA \u00c1NGELES, LA FEDERACI\u00d3N AL RESCATE.<\/strong> \u2013 Pues s\u00ed, es evidente que la violencia hab\u00eda rebasado, y por mucho, a la administraci\u00f3n de la alcaldesa de Tizayuca, <strong>Susana \u00c1ngeles<\/strong>, quien, h\u00e1bil como es en esto de los asuntos medi\u00e1ticos, se adelant\u00f3 a dar la bienvenida a un cuartel de la Guardia Nacional, y dijo sentirse honrada porque el municipio que gobierna fue considerado para esa acci\u00f3n. No, no es que la premien por hacer un buen trabajo, es que la Federaci\u00f3n observ\u00f3 claramente que es un desastre lo que pasa en materia de seguridad, y de plano decidi\u00f3 entrarle al quite porque nom\u00e1s no da una la edil. As\u00ed que no hay nada qu\u00e9 festejar, <strong>Susy de Tiza.<\/strong><\/p>\n\n\n\n<figure class=\"wp-block-image size-full\"><img loading=\"lazy\" decoding=\"async\" width=\"1280\" height=\"853\" src=\"https:\/\/plazajuarez.mx\/historico\/historico\/wp-content\/uploads\/2022\/10\/SUSANA-A\u0301NGELES-LA-FEDERACIO\u0301N-AL-RESCATE.-\u2013Cortesi\u0301a-.jpg\" alt=\"\" class=\"wp-image-234856\" srcset=\"https:\/\/plazajuarez.mx\/historico\/wp-content\/uploads\/2022\/10\/SUSANA-A\u0301NGELES-LA-FEDERACIO\u0301N-AL-RESCATE.-\u2013Cortesi\u0301a-.jpg 1280w, https:\/\/plazajuarez.mx\/historico\/wp-content\/uploads\/2022\/10\/SUSANA-A\u0301NGELES-LA-FEDERACIO\u0301N-AL-RESCATE.-\u2013Cortesi\u0301a--768x512.jpg 768w, https:\/\/plazajuarez.mx\/historico\/wp-content\/uploads\/2022\/10\/SUSANA-A\u0301NGELES-LA-FEDERACIO\u0301N-AL-RESCATE.-\u2013Cortesi\u0301a--274x183.jpg 274w, https:\/\/plazajuarez.mx\/historico\/wp-content\/uploads\/2022\/10\/SUSANA-A\u0301NGELES-LA-FEDERACIO\u0301N-AL-RESCATE.-\u2013Cortesi\u0301a--80x54.jpg 80w, https:\/\/plazajuarez.mx\/historico\/wp-content\/uploads\/2022\/10\/SUSANA-A\u0301NGELES-LA-FEDERACIO\u0301N-AL-RESCATE.-\u2013Cortesi\u0301a--130x87.jpg 130w, https:\/\/plazajuarez.mx\/historico\/wp-content\/uploads\/2022\/10\/SUSANA-A\u0301NGELES-LA-FEDERACIO\u0301N-AL-RESCATE.-\u2013Cortesi\u0301a--359x240.jpg 359w, https:\/\/plazajuarez.mx\/historico\/wp-content\/uploads\/2022\/10\/SUSANA-A\u0301NGELES-LA-FEDERACIO\u0301N-AL-RESCATE.-\u2013Cortesi\u0301a--85x57.jpg 85w, https:\/\/plazajuarez.mx\/historico\/wp-content\/uploads\/2022\/10\/SUSANA-A\u0301NGELES-LA-FEDERACIO\u0301N-AL-RESCATE.-\u2013Cortesi\u0301a--546x365.jpg 546w, https:\/\/plazajuarez.mx\/historico\/wp-content\/uploads\/2022\/10\/SUSANA-A\u0301NGELES-LA-FEDERACIO\u0301N-AL-RESCATE.-\u2013Cortesi\u0301a--165x109.jpg 165w, https:\/\/plazajuarez.mx\/historico\/wp-content\/uploads\/2022\/10\/SUSANA-A\u0301NGELES-LA-FEDERACIO\u0301N-AL-RESCATE.-\u2013Cortesi\u0301a--112x75.jpg 112w, https:\/\/plazajuarez.mx\/historico\/wp-content\/uploads\/2022\/10\/SUSANA-A\u0301NGELES-LA-FEDERACIO\u0301N-AL-RESCATE.-\u2013Cortesi\u0301a--179x120.jpg 179w, https:\/\/plazajuarez.mx\/historico\/wp-content\/uploads\/2022\/10\/SUSANA-A\u0301NGELES-LA-FEDERACIO\u0301N-AL-RESCATE.-\u2013Cortesi\u0301a--170x113.jpg 170w, https:\/\/plazajuarez.mx\/historico\/wp-content\/uploads\/2022\/10\/SUSANA-A\u0301NGELES-LA-FEDERACIO\u0301N-AL-RESCATE.-\u2013Cortesi\u0301a--81x55.jpg 81w, https:\/\/plazajuarez.mx\/historico\/wp-content\/uploads\/2022\/10\/SUSANA-A\u0301NGELES-LA-FEDERACIO\u0301N-AL-RESCATE.-\u2013Cortesi\u0301a--765x510.jpg 765w\" sizes=\"auto, (max-width: 1280px) 100vw, 1280px\" \/><\/figure>\n\n\n\n<p><strong>DE INDICIADO A GRAN MECENAS DEL ARTE.<\/strong> \u2013&nbsp; El presidente municipal de Nopala de Villagr\u00e1n, <strong>Luis Enrique Cadena Garc\u00eda<\/strong>, quien lo mismo sube fotos a sus redes sociales como gal\u00e1n de series de potentados, es decir en jet particular y toda la cosa, pero tambi\u00e9n se le menciona parte de la \u201cEstafa Siniestra\u201d, resulta ahora que es mecenas de la Orquesta Vicente Villagr\u00e1n, en la que participan 160 ni\u00f1os, y cuyo modelo ya fue adoptado por otros ayuntamientos. Digo, nom\u00e1s para que vean, que, aunque h\u00e1bil manejador para su bien de los dineros ajenos, tampoco es el diablo. Si acaso, diablillo.<\/p>\n\n\n\n<figure class=\"wp-block-image size-full\"><img loading=\"lazy\" decoding=\"async\" width=\"1616\" height=\"1080\" src=\"https:\/\/plazajuarez.mx\/historico\/historico\/wp-content\/uploads\/2022\/10\/DE-INDICIADO-A-GRAN-MECENAS-DEL-ARTE.-\u2013-Cortesi\u0301a-.jpg\" alt=\"\" class=\"wp-image-234858\" srcset=\"https:\/\/plazajuarez.mx\/historico\/wp-content\/uploads\/2022\/10\/DE-INDICIADO-A-GRAN-MECENAS-DEL-ARTE.-\u2013-Cortesi\u0301a-.jpg 1616w, https:\/\/plazajuarez.mx\/historico\/wp-content\/uploads\/2022\/10\/DE-INDICIADO-A-GRAN-MECENAS-DEL-ARTE.-\u2013-Cortesi\u0301a--768x513.jpg 768w, https:\/\/plazajuarez.mx\/historico\/wp-content\/uploads\/2022\/10\/DE-INDICIADO-A-GRAN-MECENAS-DEL-ARTE.-\u2013-Cortesi\u0301a--1536x1027.jpg 1536w, https:\/\/plazajuarez.mx\/historico\/wp-content\/uploads\/2022\/10\/DE-INDICIADO-A-GRAN-MECENAS-DEL-ARTE.-\u2013-Cortesi\u0301a--274x183.jpg 274w, https:\/\/plazajuarez.mx\/historico\/wp-content\/uploads\/2022\/10\/DE-INDICIADO-A-GRAN-MECENAS-DEL-ARTE.-\u2013-Cortesi\u0301a--80x54.jpg 80w, https:\/\/plazajuarez.mx\/historico\/wp-content\/uploads\/2022\/10\/DE-INDICIADO-A-GRAN-MECENAS-DEL-ARTE.-\u2013-Cortesi\u0301a--130x87.jpg 130w, https:\/\/plazajuarez.mx\/historico\/wp-content\/uploads\/2022\/10\/DE-INDICIADO-A-GRAN-MECENAS-DEL-ARTE.-\u2013-Cortesi\u0301a--359x240.jpg 359w, https:\/\/plazajuarez.mx\/historico\/wp-content\/uploads\/2022\/10\/DE-INDICIADO-A-GRAN-MECENAS-DEL-ARTE.-\u2013-Cortesi\u0301a--85x57.jpg 85w, https:\/\/plazajuarez.mx\/historico\/wp-content\/uploads\/2022\/10\/DE-INDICIADO-A-GRAN-MECENAS-DEL-ARTE.-\u2013-Cortesi\u0301a--546x365.jpg 546w, https:\/\/plazajuarez.mx\/historico\/wp-content\/uploads\/2022\/10\/DE-INDICIADO-A-GRAN-MECENAS-DEL-ARTE.-\u2013-Cortesi\u0301a--266x179.jpg 266w, https:\/\/plazajuarez.mx\/historico\/wp-content\/uploads\/2022\/10\/DE-INDICIADO-A-GRAN-MECENAS-DEL-ARTE.-\u2013-Cortesi\u0301a--165x109.jpg 165w, https:\/\/plazajuarez.mx\/historico\/wp-content\/uploads\/2022\/10\/DE-INDICIADO-A-GRAN-MECENAS-DEL-ARTE.-\u2013-Cortesi\u0301a--347x233.jpg 347w, https:\/\/plazajuarez.mx\/historico\/wp-content\/uploads\/2022\/10\/DE-INDICIADO-A-GRAN-MECENAS-DEL-ARTE.-\u2013-Cortesi\u0301a--112x75.jpg 112w, https:\/\/plazajuarez.mx\/historico\/wp-content\/uploads\/2022\/10\/DE-INDICIADO-A-GRAN-MECENAS-DEL-ARTE.-\u2013-Cortesi\u0301a--179x120.jpg 179w, https:\/\/plazajuarez.mx\/historico\/wp-content\/uploads\/2022\/10\/DE-INDICIADO-A-GRAN-MECENAS-DEL-ARTE.-\u2013-Cortesi\u0301a--170x113.jpg 170w, https:\/\/plazajuarez.mx\/historico\/wp-content\/uploads\/2022\/10\/DE-INDICIADO-A-GRAN-MECENAS-DEL-ARTE.-\u2013-Cortesi\u0301a--81x55.jpg 81w, https:\/\/plazajuarez.mx\/historico\/wp-content\/uploads\/2022\/10\/DE-INDICIADO-A-GRAN-MECENAS-DEL-ARTE.-\u2013-Cortesi\u0301a--765x510.jpg 765w\" sizes=\"auto, (max-width: 1616px) 100vw, 1616px\" \/><\/figure>\n\n\n\n<p><strong>Aviso para que no digan: Esta columna se nutre de comentarios recabados por agencias del Recontra-Espionaje, muy similares a las que populariz\u00f3 el \u201cS\u00faper Agente 86\u201d en sus tiempos. Como tal lo que publicamos puede que sea cierto, puede que no, o todo lo contrario. Est\u00e1 usted en libertad de creer o no lo que lee, recontra-enojarse, recontra- carcajearse y hasta recontra-recordarnos a nuestra jefecita (nosotros recontra-haremos lo propio). Avisado est\u00e1 usted.&nbsp;<\/strong><\/p>\n\n\n\n<p><strong>desexenterado@gmail.com @desexenterado&nbsp;<\/strong><\/p>\n","protected":false},"excerpt":{"rendered":"<p>HOY S\u00cd HABR\u00c1 QU\u00d3RUM EN LA C\u00c1MARA DE DIPUTADOS. \u2013 La mayor\u00eda de las veces en que se convoca a sesi\u00f3n, buena parte de nuestros representantes populares simplemente no llegan porque: \u201cse les olvid\u00f3 que hab\u00eda cita\u201d, \u201cfueron al ba\u00f1o y los encerraron\u201d, \u201ctomaban caf\u00e9 y se les fue el tiempo\u201d, o porque simple y [&hellip;]<\/p>\n","protected":false},"author":93,"featured_media":234681,"comment_status":"closed","ping_status":"closed","sticky":false,"template":"","format":"standard","meta":{"footnotes":""},"categories":[83],"tags":[],"class_list":["post-234854","post","type-post","status-publish","format-standard","has-post-thumbnail","hentry","category-dese-por-enterado"],"_links":{"self":[{"href":"https:\/\/plazajuarez.mx\/historico\/wp-json\/wp\/v2\/posts\/234854","targetHints":{"allow":["GET"]}}],"collection":[{"href":"https:\/\/plazajuarez.mx\/historico\/wp-json\/wp\/v2\/posts"}],"about":[{"href":"https:\/\/plazajuarez.mx\/historico\/wp-json\/wp\/v2\/types\/post"}],"author":[{"embeddable":true,"href":"https:\/\/plazajuarez.mx\/historico\/wp-json\/wp\/v2\/users\/93"}],"replies":[{"embeddable":true,"href":"https:\/\/plazajuarez.mx\/historico\/wp-json\/wp\/v2\/comments?post=234854"}],"version-history":[{"count":0,"href":"https:\/\/plazajuarez.mx\/historico\/wp-json\/wp\/v2\/posts\/234854\/revisions"}],"wp:featuredmedia":[{"embeddable":true,"href":"https:\/\/plazajuarez.mx\/historico\/wp-json\/wp\/v2\/media\/234681"}],"wp:attachment":[{"href":"https:\/\/plazajuarez.mx\/historico\/wp-json\/wp\/v2\/media?parent=234854"}],"wp:term":[{"taxonomy":"category","embeddable":true,"href":"https:\/\/plazajuarez.mx\/historico\/wp-json\/wp\/v2\/categories?post=234854"},{"taxonomy":"post_tag","embeddable":true,"href":"https:\/\/plazajuarez.mx\/historico\/wp-json\/wp\/v2\/tags?post=234854"}],"curies":[{"name":"wp","href":"https:\/\/api.w.org\/{rel}","templated":true}]}}