{"id":234844,"date":"2022-10-19T18:15:47","date_gmt":"2022-10-19T23:15:47","guid":{"rendered":"https:\/\/plazajuarez.mx\/?p=234844"},"modified":"2022-10-19T18:15:53","modified_gmt":"2022-10-19T23:15:53","slug":"zempoala_","status":"publish","type":"post","link":"https:\/\/plazajuarez.mx\/historico\/zempoala_\/","title":{"rendered":"<strong>Destacan participaci\u00f3n social en \u201cDi\u00e1logos por Hidalgo\u201dRealizan foro para el Plan Estatal para la Transformaci\u00f3n de Hidalgo<\/strong>"},"content":{"rendered":"\n<p>Por medio de cuatro mesas de trabajo, iniciaron los trabajos para la integraci\u00f3n y elaboraci\u00f3n de las propuestas que ser\u00e1n parte de los ejes rectores en la \u201cConstrucci\u00f3n del Plan Estatal para la Transformaci\u00f3n de Hidalgo 2022-2026\u201d.<\/p>\n\n\n\n<p>Teniendo como sede la Universidad Polit\u00e9cnica de Pachuca, y con el objetivo de que la poblaci\u00f3n sea parte de esto, fue que se entablaron los \u201cDi\u00e1logos Ciudadanos para la Construcci\u00f3n del Plan Estatal para la Transformaci\u00f3n de Hidalgo\u201d, teniendo como asistentes a los titulares de la Secretar\u00eda Educaci\u00f3n P\u00fablica de Hidalgo (SEPH) y de la Unidad de Planeaci\u00f3n y Prospectiva, Natividad Castrej\u00f3n Valdez y Miguel \u00c1ngel Tello Vargas, respectivamente.<\/p>\n\n\n\n<p>En su mensaje, Natividad Castrej\u00f3n mencion\u00f3 que con el inicio de estos di\u00e1logos ciudadanos se construir\u00e1 el camino hacia la planeaci\u00f3n democr\u00e1tica, participativa e incluyente, donde se puedan conocer las inquietudes, as\u00ed como las necesidades de la ciudadan\u00eda y as\u00ed jerarquizar tambi\u00e9n el uso de los recursos y las pol\u00edticas p\u00fablicas.<\/p>\n\n\n\n<p>Detall\u00f3 que las propuestas e inquietudes de las y los hidalguenses son pilar fundamental para el gobernador del Estado, Julio Menchaca Salazar, con la confianza de que al efectuarse este ejercicio ciudadano se tengan buenos resultados para transformar y potencializar al estado.<\/p>\n\n\n\n<p>Por su parte, Miguel \u00c1ngel Tello Vargas consider\u00f3 un acierto que los foros se realicen en las escuelas porque la construcci\u00f3n de las ideas y del nuevo mundo se hace en donde se estructuran \u00e9stas. Se\u00f1al\u00f3 que este tipo de procesos, donde el estudiantado y los docentes puedan verter sus ideas, ayudar\u00e1 a llevar a cabo la transformaci\u00f3n del estado.<\/p>\n\n\n\n<p>Los trabajos en la UPP se dividieron en cuatro mesas tem\u00e1ticas con base en los acuerdos del Plan Estatal: Gobierno Justo y Honesto; el Bienestar del Pueblo; el Desarrollo Econ\u00f3mico y para la Infraestructura Transformadora; cada una cont\u00f3 con aproximadamente 50 participantes, adem\u00e1s de un moderador que condujo los trabajos y entregar\u00e1 las conclusiones de la mesa para integrar una relator\u00eda final.<\/p>\n","protected":false},"excerpt":{"rendered":"<p>Por medio de cuatro mesas de trabajo, iniciaron los trabajos para la integraci\u00f3n y elaboraci\u00f3n de las propuestas que ser\u00e1n parte de los ejes rectores en la \u201cConstrucci\u00f3n del Plan Estatal para la Transformaci\u00f3n de Hidalgo 2022-2026\u201d. Teniendo como sede la Universidad Polit\u00e9cnica de Pachuca, y con el objetivo de que la poblaci\u00f3n sea parte [&hellip;]<\/p>\n","protected":false},"author":69,"featured_media":234848,"comment_status":"closed","ping_status":"closed","sticky":false,"template":"","format":"standard","meta":{"footnotes":""},"categories":[15,2159,40],"tags":[],"class_list":["post-234844","post","type-post","status-publish","format-standard","has-post-thumbnail","hentry","category-destacadas","category-noticias-de-hidalgo","category-region"],"_links":{"self":[{"href":"https:\/\/plazajuarez.mx\/historico\/wp-json\/wp\/v2\/posts\/234844","targetHints":{"allow":["GET"]}}],"collection":[{"href":"https:\/\/plazajuarez.mx\/historico\/wp-json\/wp\/v2\/posts"}],"about":[{"href":"https:\/\/plazajuarez.mx\/historico\/wp-json\/wp\/v2\/types\/post"}],"author":[{"embeddable":true,"href":"https:\/\/plazajuarez.mx\/historico\/wp-json\/wp\/v2\/users\/69"}],"replies":[{"embeddable":true,"href":"https:\/\/plazajuarez.mx\/historico\/wp-json\/wp\/v2\/comments?post=234844"}],"version-history":[{"count":0,"href":"https:\/\/plazajuarez.mx\/historico\/wp-json\/wp\/v2\/posts\/234844\/revisions"}],"wp:featuredmedia":[{"embeddable":true,"href":"https:\/\/plazajuarez.mx\/historico\/wp-json\/wp\/v2\/media\/234848"}],"wp:attachment":[{"href":"https:\/\/plazajuarez.mx\/historico\/wp-json\/wp\/v2\/media?parent=234844"}],"wp:term":[{"taxonomy":"category","embeddable":true,"href":"https:\/\/plazajuarez.mx\/historico\/wp-json\/wp\/v2\/categories?post=234844"},{"taxonomy":"post_tag","embeddable":true,"href":"https:\/\/plazajuarez.mx\/historico\/wp-json\/wp\/v2\/tags?post=234844"}],"curies":[{"name":"wp","href":"https:\/\/api.w.org\/{rel}","templated":true}]}}