{"id":2348,"date":"2015-03-16T06:00:00","date_gmt":"2015-03-16T06:00:00","guid":{"rendered":"http:\/\/plazajuarez.mx\/index\/index.php\/2015\/03\/16\/putin-afirma-que-estaba-dispuesto-a-activar-armas-nucleares-en-crimea\/"},"modified":"2015-03-16T06:00:00","modified_gmt":"2015-03-16T06:00:00","slug":"putin-afirma-que-estaba-dispuesto-a-activar-armas-nucleares-en-crimea","status":"publish","type":"post","link":"https:\/\/plazajuarez.mx\/historico\/putin-afirma-que-estaba-dispuesto-a-activar-armas-nucleares-en-crimea\/","title":{"rendered":"Putin afirma que estaba dispuesto a  activar armas nucleares en Crimea"},"content":{"rendered":"<ul>\n<li><strong><strong>El presidente arguye que defendi\u00f3 a los rusos de los nacionalistas ucranios<\/strong><\/strong> <!--more--> <\/li>\n<\/ul>\n<p>Mosc\u00fa.- Vlad\u00edmir Putin estaba preparado para poner en disposici\u00f3n de combate el arma nuclear durante la operaci\u00f3n militar de Rusia en Crimea (febrero y marzo de 2014). As\u00ed lo DIJO el presidente ruso en la entrevista que vertebra un largo documental emitido el domingo por un canal de la televisi\u00f3n rusa con motivo del primer aniversario de la anexi\u00f3n de la pen\u00ednsula.<\/p>\n<p>La cinta, de m\u00e1s de dos horas, da la versi\u00f3n rusa de aquellos acontecimientos y presenta sus propias reescenificaciones, realizadas sobre el terreno con la ayuda de centenares de personas (en traje de civil y de uniforme) y veh\u00edculos civiles y militares. Putin atribuy\u00f3 su actuaci\u00f3n en Crimea a la necesidad de defender a la poblaci\u00f3n local de una supuesta agresi\u00f3n de los \u201cnacionalistas\u201d del Maid\u00e1n, que hab\u00edan realizado un \u201cgolpe de Estado\u201d en Kiev.<\/p>\n<p>\u201cNuestra ventaja era que me ocupaba yo personalmente\u201d, alarde\u00f3 Putin. El espionaje militar ruso detect\u00f3 que Ucrania hab\u00eda llevado a la pen\u00ednsula un sistema de misiles, a lo que Rusia contest\u00f3 desplegando en Crimea el sistema de misiles Basti\u00f3n. Si los sistemas ucranianos hubieran disparado \u201clos hubi\u00e9ramos aniquilado\u201d, afirm\u00f3. A\u00f1adi\u00f3 que se trata del complejo de misiles m\u00e1s eficaz del mundo para la defensa del litoral y explic\u00f3 que los hab\u00edan instalado de manera que fueran visibles desde el espacio, como muestra de la determinaci\u00f3n rusa.<\/p>\n<p>Putin admiti\u00f3 que Crimea hab\u00eda quedado convertida en una \u201cfortaleza\u201d. La pel\u00edcula atribuye al poder disuasivo de esos misiles el cambio de rumbo radical del destructor norteamericano Donald Cook, que se encontraba en el mar Negro y se dirig\u00eda hacia Crimea. El documental afirma tambi\u00e9n que varios pilotos norteamericanos hab\u00edan dejado el trabajo tras las incursiones peligrosamente cercanas de los cazas rusos. Putin afirm\u00f3 que los pilotos rusos \u201chab\u00edan hecho gamberradas sin decir nada\u201d. (Agencias)<\/p>\n","protected":false},"excerpt":{"rendered":"<p>El presidente arguye que defendi\u00f3 a los rusos de los nacionalistas ucranios<\/p>\n","protected":false},"author":93,"featured_media":0,"comment_status":"open","ping_status":"open","sticky":false,"template":"","format":"standard","meta":{"footnotes":""},"categories":[31],"tags":[],"class_list":["post-2348","post","type-post","status-publish","format-standard","hentry","category-orbe"],"_links":{"self":[{"href":"https:\/\/plazajuarez.mx\/historico\/wp-json\/wp\/v2\/posts\/2348","targetHints":{"allow":["GET"]}}],"collection":[{"href":"https:\/\/plazajuarez.mx\/historico\/wp-json\/wp\/v2\/posts"}],"about":[{"href":"https:\/\/plazajuarez.mx\/historico\/wp-json\/wp\/v2\/types\/post"}],"author":[{"embeddable":true,"href":"https:\/\/plazajuarez.mx\/historico\/wp-json\/wp\/v2\/users\/93"}],"replies":[{"embeddable":true,"href":"https:\/\/plazajuarez.mx\/historico\/wp-json\/wp\/v2\/comments?post=2348"}],"version-history":[{"count":0,"href":"https:\/\/plazajuarez.mx\/historico\/wp-json\/wp\/v2\/posts\/2348\/revisions"}],"wp:attachment":[{"href":"https:\/\/plazajuarez.mx\/historico\/wp-json\/wp\/v2\/media?parent=2348"}],"wp:term":[{"taxonomy":"category","embeddable":true,"href":"https:\/\/plazajuarez.mx\/historico\/wp-json\/wp\/v2\/categories?post=2348"},{"taxonomy":"post_tag","embeddable":true,"href":"https:\/\/plazajuarez.mx\/historico\/wp-json\/wp\/v2\/tags?post=2348"}],"curies":[{"name":"wp","href":"https:\/\/api.w.org\/{rel}","templated":true}]}}