{"id":234677,"date":"2022-10-19T09:06:25","date_gmt":"2022-10-19T14:06:25","guid":{"rendered":"https:\/\/plazajuarez.mx\/?p=234677"},"modified":"2022-10-19T09:06:32","modified_gmt":"2022-10-19T14:06:32","slug":"inicia-dialogos-ciudadanos-en-hidalgo","status":"publish","type":"post","link":"https:\/\/plazajuarez.mx\/historico\/inicia-dialogos-ciudadanos-en-hidalgo\/","title":{"rendered":"Inicia \u201cDi\u00e1logos Ciudadanos\u201d en Hidalgo\u00a0"},"content":{"rendered":"\n<p>Para escuchar todas las voces, este martes iniciaron los \u201cDi\u00e1logos ciudadanos para la construcci\u00f3n del Plan Estatal para la Transformaci\u00f3n de Hidalgo\u201d.&nbsp;<\/p>\n\n\n\n<p>Esto, en el marco del Sistema Estatal de Planeaci\u00f3n Democr\u00e1tica para la construcci\u00f3n de pol\u00edticas p\u00fablicas vinculadas a los Objetivos del Desarrollo Sostenible 2030.<\/p>\n\n\n\n<p>Miguel \u00c1ngel Tello Vargas, titular de la Unidad de Planeaci\u00f3n y Prospectiva, destac\u00f3 la importancia de dejar atr\u00e1s la improvisaci\u00f3n en materia de pol\u00edticas p\u00fablicas. &#8220;No podemos perder el tiempo en la construcci\u00f3n de un mejor desarrollo\u201d, advirti\u00f3.<\/p>\n\n\n\n<p>En su mensaje en la apertura de estos di\u00e1logos, que tuvo como sede la Universidad Polit\u00e9cnica de Pachuca y en la que estuvo presente el titular de Educaci\u00f3n P\u00fablica, Natividad Castrej\u00f3n, record\u00f3 la instrucci\u00f3n del gobernador Julio Menchaca Salazar de no s\u00f3lo pensar en el Hidalgo que queremos, sino tambi\u00e9n en el municipio, en la colonia y en el barrio.<\/p>\n\n\n\n<p>Es as\u00ed, manifest\u00f3 Miguel \u00c1ngel Tello Vargas, como se empiezan a construir las ideas. Pidi\u00f3 a los estudiantes, maestros y padres de familia dejar de considerar que las ideas son peque\u00f1as ya que es a partir de ellas como se pueden emprender grandes cosas.<\/p>\n\n\n\n<p>&#8220;Desde una universidad vamos a empezar a planear y a reconstruir el tejido social, las carreteras, las plantas de tratamiento; desde aqu\u00ed podemos empezar a reconstruir y lograr el Hidalgo que todos queremos&#8221;, expres\u00f3.<\/p>\n\n\n\n<p>Los temas que se abordaron en este primer foro fueron: Acuerdo para un Gobierno Justo y Honesto, Acuerdo para el Bienestar del Pueblo; Acuerdo para el Desarrollo Econ\u00f3mico; Acuerdo para la Infraestructura Transformadora.&nbsp;<\/p>\n\n\n\n<p>En su oportunidad, Natividad Castrej\u00f3n Valdez, secretario de Educaci\u00f3n P\u00fablica, agradeci\u00f3 la hospitalidad de la Universidad Polit\u00e9cnica de Pachuca y la presencia de &nbsp; alumnos, profesores, presidentes municipales y sociedad civil.<\/p>\n","protected":false},"excerpt":{"rendered":"<p>Para escuchar todas las voces, este martes iniciaron los \u201cDi\u00e1logos ciudadanos para la construcci\u00f3n del Plan Estatal para la Transformaci\u00f3n de Hidalgo\u201d.&nbsp; Esto, en el marco del Sistema Estatal de Planeaci\u00f3n Democr\u00e1tica para la construcci\u00f3n de pol\u00edticas p\u00fablicas vinculadas a los Objetivos del Desarrollo Sostenible 2030. Miguel \u00c1ngel Tello Vargas, titular de la Unidad de [&hellip;]<\/p>\n","protected":false},"author":93,"featured_media":234678,"comment_status":"closed","ping_status":"closed","sticky":false,"template":"","format":"standard","meta":{"footnotes":""},"categories":[59,2159],"tags":[],"class_list":["post-234677","post","type-post","status-publish","format-standard","has-post-thumbnail","hentry","category-general","category-noticias-de-hidalgo"],"_links":{"self":[{"href":"https:\/\/plazajuarez.mx\/historico\/wp-json\/wp\/v2\/posts\/234677","targetHints":{"allow":["GET"]}}],"collection":[{"href":"https:\/\/plazajuarez.mx\/historico\/wp-json\/wp\/v2\/posts"}],"about":[{"href":"https:\/\/plazajuarez.mx\/historico\/wp-json\/wp\/v2\/types\/post"}],"author":[{"embeddable":true,"href":"https:\/\/plazajuarez.mx\/historico\/wp-json\/wp\/v2\/users\/93"}],"replies":[{"embeddable":true,"href":"https:\/\/plazajuarez.mx\/historico\/wp-json\/wp\/v2\/comments?post=234677"}],"version-history":[{"count":0,"href":"https:\/\/plazajuarez.mx\/historico\/wp-json\/wp\/v2\/posts\/234677\/revisions"}],"wp:featuredmedia":[{"embeddable":true,"href":"https:\/\/plazajuarez.mx\/historico\/wp-json\/wp\/v2\/media\/234678"}],"wp:attachment":[{"href":"https:\/\/plazajuarez.mx\/historico\/wp-json\/wp\/v2\/media?parent=234677"}],"wp:term":[{"taxonomy":"category","embeddable":true,"href":"https:\/\/plazajuarez.mx\/historico\/wp-json\/wp\/v2\/categories?post=234677"},{"taxonomy":"post_tag","embeddable":true,"href":"https:\/\/plazajuarez.mx\/historico\/wp-json\/wp\/v2\/tags?post=234677"}],"curies":[{"name":"wp","href":"https:\/\/api.w.org\/{rel}","templated":true}]}}