{"id":234673,"date":"2022-10-19T09:04:58","date_gmt":"2022-10-19T14:04:58","guid":{"rendered":"https:\/\/plazajuarez.mx\/?p=234673"},"modified":"2022-10-19T09:05:04","modified_gmt":"2022-10-19T14:05:04","slug":"no-lograron-entrar-a-la-feria-san-francisco-habia-sobrecupo","status":"publish","type":"post","link":"https:\/\/plazajuarez.mx\/historico\/no-lograron-entrar-a-la-feria-san-francisco-habia-sobrecupo\/","title":{"rendered":"No lograron entrar a la Feria San Francisco, hab\u00eda sobrecupo"},"content":{"rendered":"\n<p>Visitantes de la Feria San Francisco, manifestaron su inconformidad al no lograr ingresar al recinto por cuestiones de sobrecupo, asegurando que el actuar de Seguridad P\u00fablica se vi\u00f3 totalmente rebasado.<\/p>\n\n\n\n<p>Un testigo detall\u00f3 que desde temprano se not\u00f3 la falta de organizaci\u00f3n, ya que no hab\u00eda filas para adquirir los boletos, la gente estaba \u201camontonada\u201d e incluso la cantidad de personas sal\u00eda del estacionamiento.<\/p>\n\n\n\n<p>Se\u00f1al\u00f3 que solamente tres casillas estaban en funcionamiento, y en diversos momentos pon\u00edan y quitaban el cart\u00f3n de cierre, hasta que finalmente cerraron las ventanillas, lo que provoc\u00f3 la molestia de los visitantes, y los siguiente insultos hacia los organizadores y elementos de seguridad p\u00fablica.<\/p>\n\n\n\n<p>Cit\u00f3 \u201cempezaron a aventar la reja, mucha gente quer\u00eda entrar, solo hab\u00eda dos polic\u00edas en el acceso peatonal para dejar salir, pero muchos quer\u00edan entrar al estacionamiento, se empezaron a aventar, hab\u00eda ni\u00f1os, gente mayor, hab\u00eda una persona con andadera, no se pod\u00eda salir ni entrar, no lograron controlar el desorden\u201d.<\/p>\n","protected":false},"excerpt":{"rendered":"<p>Visitantes de la Feria San Francisco, manifestaron su inconformidad al no lograr ingresar al recinto por cuestiones de sobrecupo, asegurando que el actuar de Seguridad P\u00fablica se vi\u00f3 totalmente rebasado. Un testigo detall\u00f3 que desde temprano se not\u00f3 la falta de organizaci\u00f3n, ya que no hab\u00eda filas para adquirir los boletos, la gente estaba \u201camontonada\u201d [&hellip;]<\/p>\n","protected":false},"author":73,"featured_media":234674,"comment_status":"closed","ping_status":"closed","sticky":false,"template":"","format":"standard","meta":{"footnotes":""},"categories":[59,2159],"tags":[],"class_list":["post-234673","post","type-post","status-publish","format-standard","has-post-thumbnail","hentry","category-general","category-noticias-de-hidalgo"],"_links":{"self":[{"href":"https:\/\/plazajuarez.mx\/historico\/wp-json\/wp\/v2\/posts\/234673","targetHints":{"allow":["GET"]}}],"collection":[{"href":"https:\/\/plazajuarez.mx\/historico\/wp-json\/wp\/v2\/posts"}],"about":[{"href":"https:\/\/plazajuarez.mx\/historico\/wp-json\/wp\/v2\/types\/post"}],"author":[{"embeddable":true,"href":"https:\/\/plazajuarez.mx\/historico\/wp-json\/wp\/v2\/users\/73"}],"replies":[{"embeddable":true,"href":"https:\/\/plazajuarez.mx\/historico\/wp-json\/wp\/v2\/comments?post=234673"}],"version-history":[{"count":0,"href":"https:\/\/plazajuarez.mx\/historico\/wp-json\/wp\/v2\/posts\/234673\/revisions"}],"wp:featuredmedia":[{"embeddable":true,"href":"https:\/\/plazajuarez.mx\/historico\/wp-json\/wp\/v2\/media\/234674"}],"wp:attachment":[{"href":"https:\/\/plazajuarez.mx\/historico\/wp-json\/wp\/v2\/media?parent=234673"}],"wp:term":[{"taxonomy":"category","embeddable":true,"href":"https:\/\/plazajuarez.mx\/historico\/wp-json\/wp\/v2\/categories?post=234673"},{"taxonomy":"post_tag","embeddable":true,"href":"https:\/\/plazajuarez.mx\/historico\/wp-json\/wp\/v2\/tags?post=234673"}],"curies":[{"name":"wp","href":"https:\/\/api.w.org\/{rel}","templated":true}]}}