{"id":234658,"date":"2022-10-19T08:52:30","date_gmt":"2022-10-19T13:52:30","guid":{"rendered":"https:\/\/plazajuarez.mx\/?p=234658"},"modified":"2022-10-19T09:10:29","modified_gmt":"2022-10-19T14:10:29","slug":"show-tricolor-dizque-en-busca-de-la-presidencia","status":"publish","type":"post","link":"https:\/\/plazajuarez.mx\/historico\/show-tricolor-dizque-en-busca-de-la-presidencia\/","title":{"rendered":"Show tricolor dizque en busca de la presidencia"},"content":{"rendered":"\n<h2 class=\"wp-block-heading\"><em>ALFIL NEGRO<\/em><\/h2>\n\n\n\n<p>El PRI dej\u00f3 hace mucho de ser el partido todopoderoso que dispon\u00eda de la fuerza suficiente en una maquinaria maravillosamente aceitada, para ganar todas las batallas electorales, empezando por la Presidencia de la Rep\u00fablica que simplemente no hab\u00eda manera de arrebat\u00e1rsela.<\/p>\n\n\n\n<p>Ya se sab\u00eda que el candidato priista ser\u00eda el ganador para ser el jefe del Ejecutivo Federal, de tal manera que la elecci\u00f3n era un requisito que se cumpl\u00eda a las mil maravillas para ganar la elecci\u00f3n.<\/p>\n\n\n\n<p>La lucha real para ser Presidente de M\u00e9xico se daba principalmente, en todo ese largo proceso para la candidatura, en que desde luego la voluntad del que fuera mandatario en ese momento contaba como el voto decisivo en algo que se lleg\u00f3 a llamar \u201cdedazo\u201d, por todo lo que significaba que el dedo presidencial se\u00f1alara a quien consideraba el ideal para ese cargo de alt\u00edsimo responsabilidad.<\/p>\n\n\n\n<p>Eran otros tiempos. Ahora el Presidente de la Rep\u00fablica no es priista y se encarga junto con su partido de ir demoliendo poco a poco al otrora omnipotente partido tricolor, con estrategias en que los priistas supuestamente m\u00e1s poderosos se tienen que plegar a la voluntad del que manda, porque tienen, eso se dice, muchos pecados que pagar en cuesti\u00f3n de corrupci\u00f3n y cuyos expedientes se manejan como arma pol\u00edtica para doblarlos como sucedi\u00f3 con ALEJANDRO MORENO, el actual dirigente del PRI, que no soport\u00f3 las consecuencias de las acusaciones y exhibidas que le dio LAYDA SANSORES la gobernadora de Campeche en los \u201cmartes del Jaguar\u201d, en los que qued\u00f3 exhibido como corrupto y con deudas con la justicia .<\/p>\n\n\n\n<p>Al final todo mundo conoce la historia, el PRI, por lo menos el del llamado ALITO, se convirti\u00f3 en aliado de Morena y apoy\u00f3 la militarizaci\u00f3n de M\u00e9xico en lo que se interpret\u00f3 como un cambalache, en que Alito no pisar\u00eda la c\u00e1rcel ni ser\u00edan desaforado pero entregar\u00eda el partido a los planes presidenciales<\/p>\n\n\n\n<p>Fue y es de hecho el golpe m\u00e1s fuerte que ha sufrido el partido tricolor, que dej\u00f3 de ser lo que fue en alg\u00fan momento y ahora es en los hechos un partidito al servicio del poder moreno.<\/p>\n\n\n\n<p>Por ello llama la atenci\u00f3n que en estos d\u00edas se lleve a cabo una pasarela de priistas distinguidos, que buscan ser candidatos a la Presidencia de la Rep\u00fablica, en un ejercicio alentado por su dirigencia nacional, en algo que llaman \u201cDI\u00c1LOGOS POR M\u00c9XICO\u201d, en que exponen sus propuestas para el pa\u00eds dentro del llamado de ALEJANDRO MORENO para hacer del PRI, eso dice, una presencia ganadora porque, eso dice, tienen con qu\u00e9 y saben c\u00f3mo hacerlo para ganar la elecci\u00f3n.<\/p>\n\n\n\n<p>Ya han desfilado BEATRIZ PAREDES, ILDEFONSO GUAJARDO, J\u00d3SE \u00c1NGEL GURR\u00cdA, ALEJANDRO MURAT, CLAUDIA RUIZ MASSIEU entre otros.<\/p>\n\n\n\n<p>Desde luego no parece que vayan a invitar al priista que se ve como el m\u00e1s fuerte para este proceso que se avecina, y que es MIGUEL \u00c1NGEL OSORIO, porque el hidalguense no est\u00e1 de acuerdo en la manera que maneja el partido el oaxaque\u00f1o Moreno.<\/p>\n\n\n\n<p>Los que han desfilado no lo hacen mal, porque son gente de calidad y tienen sin duda virtudes pol\u00edticas, pero mientras est\u00e9 ALITO como dirigente, son monedas de cambio de acuerdo a las necesidades o tama\u00f1o de los expedientes que el gobierno federal tenga del dirigente tricolor.<\/p>\n\n\n\n<p>Y todo se reduce a un show tricolor, sin reales opciones de pelear el poder en el 2024.<\/p>\n\n\n\n<p>Fue un partido poderoso, pero bien dice la canci\u00f3n \u201cAyer marav\u00edlla fue y ahora ni sombra es\u201d, porque cada quien recoge lo que siembra, y el PRI con Alito s\u00f3lo recoger\u00e1 frutos amargos.<\/p>\n\n\n\n<p>Y sin embargo no se puede negar qu\u00e9 hay muchos priistas dignos y de gran trabajo, que de alguna manera mantienen con vida a su partido, pese a la funesta dirigencia nacional que tiene en este momento.<\/p>\n","protected":false},"excerpt":{"rendered":"<p>ALFIL NEGRO El PRI dej\u00f3 hace mucho de ser el partido todopoderoso que dispon\u00eda de la fuerza suficiente en una maquinaria maravillosamente aceitada, para ganar todas las batallas electorales, empezando por la Presidencia de la Rep\u00fablica que simplemente no hab\u00eda manera de arrebat\u00e1rsela. Ya se sab\u00eda que el candidato priista ser\u00eda el ganador para ser [&hellip;]<\/p>\n","protected":false},"author":83,"featured_media":234680,"comment_status":"closed","ping_status":"closed","sticky":false,"template":"","format":"standard","meta":{"footnotes":""},"categories":[48,42],"tags":[],"class_list":["post-234658","post","type-post","status-publish","format-standard","has-post-thumbnail","hentry","category-adalberto-peralta","category-nuestrapalabra"],"_links":{"self":[{"href":"https:\/\/plazajuarez.mx\/historico\/wp-json\/wp\/v2\/posts\/234658","targetHints":{"allow":["GET"]}}],"collection":[{"href":"https:\/\/plazajuarez.mx\/historico\/wp-json\/wp\/v2\/posts"}],"about":[{"href":"https:\/\/plazajuarez.mx\/historico\/wp-json\/wp\/v2\/types\/post"}],"author":[{"embeddable":true,"href":"https:\/\/plazajuarez.mx\/historico\/wp-json\/wp\/v2\/users\/83"}],"replies":[{"embeddable":true,"href":"https:\/\/plazajuarez.mx\/historico\/wp-json\/wp\/v2\/comments?post=234658"}],"version-history":[{"count":0,"href":"https:\/\/plazajuarez.mx\/historico\/wp-json\/wp\/v2\/posts\/234658\/revisions"}],"wp:featuredmedia":[{"embeddable":true,"href":"https:\/\/plazajuarez.mx\/historico\/wp-json\/wp\/v2\/media\/234680"}],"wp:attachment":[{"href":"https:\/\/plazajuarez.mx\/historico\/wp-json\/wp\/v2\/media?parent=234658"}],"wp:term":[{"taxonomy":"category","embeddable":true,"href":"https:\/\/plazajuarez.mx\/historico\/wp-json\/wp\/v2\/categories?post=234658"},{"taxonomy":"post_tag","embeddable":true,"href":"https:\/\/plazajuarez.mx\/historico\/wp-json\/wp\/v2\/tags?post=234658"}],"curies":[{"name":"wp","href":"https:\/\/api.w.org\/{rel}","templated":true}]}}