{"id":234651,"date":"2022-10-19T08:48:31","date_gmt":"2022-10-19T13:48:31","guid":{"rendered":"https:\/\/plazajuarez.mx\/?p=234651"},"modified":"2022-10-19T09:11:33","modified_gmt":"2022-10-19T14:11:33","slug":"dese-por-enterado-1038","status":"publish","type":"post","link":"https:\/\/plazajuarez.mx\/historico\/dese-por-enterado-1038\/","title":{"rendered":"DESE POR ENTERADO"},"content":{"rendered":"\n<p><strong>PLAN ESTATAL DE DESARROLLO, EN PROCESO.<\/strong> \u2013 Un elemento fundamental al momento de hacer los trabajos para la elaboraci\u00f3n del Plan Estatal de Desarrollo, es asumir de principio, que el largo historial de estos documentos en Hidalgo, es deber pensar por necesidad que, en t\u00e9rminos concretos, no hay nada nuevo bajo el sol, como no sea la \u00f3ptica para abordar la problem\u00e1tica que buscan solucionar. Por lo anterior, resulta interesante observar que, en esta monumental tarea, existe cierta sensibilidad para entender que no est\u00e1n en trabajos de reinvenci\u00f3n de la realidad ni mucho menos. Es ante todo un trabajo humano, terrenal, que tiene que ver con las preocupaciones cotidianas de la ciudadan\u00eda. Entenderlo es una tarea sencilla, simple, pero que casi nunca se consigue.<\/p>\n\n\n<div class=\"wp-block-image\">\n<figure class=\"aligncenter size-full\"><img loading=\"lazy\" decoding=\"async\" width=\"1024\" height=\"768\" src=\"https:\/\/plazajuarez.mx\/historico\/historico\/wp-content\/uploads\/2022\/10\/PLAN-ESTATAL-DE-DESARROLLO-EN-PROCESO.-\u2013Archivo-.jpg\" alt=\"\" class=\"wp-image-234652\" srcset=\"https:\/\/plazajuarez.mx\/historico\/wp-content\/uploads\/2022\/10\/PLAN-ESTATAL-DE-DESARROLLO-EN-PROCESO.-\u2013Archivo-.jpg 1024w, https:\/\/plazajuarez.mx\/historico\/wp-content\/uploads\/2022\/10\/PLAN-ESTATAL-DE-DESARROLLO-EN-PROCESO.-\u2013Archivo--768x576.jpg 768w\" sizes=\"auto, (max-width: 1024px) 100vw, 1024px\" \/><\/figure>\n<\/div>\n\n\n<p><strong>JMK, EN BREVE SEGUIR\u00c1 SU PROCESO EN CASA.<\/strong> \u2013 A estas alturas sin ning\u00fan sustento legal confirmado para mantenerlo en prisi\u00f3n preventiva, el ex Procurador General de la Rep\u00fablica, Jes\u00fas Murillo Karam, podr\u00eda lograr esta misma semana seguir su proceso en su casa, como consecuencia de las severas complicaciones en salud que ya presenta. Personaje de muy alto perfil en la pol\u00edtica contempor\u00e1nea, tal vez el m\u00e1s importante, conoce a fondo las entra\u00f1as del poder y de sus momentos. Pero es un hecho, se lo adelanto, que, a la prisi\u00f3n domiciliaria, seguir\u00e1 su absoluci\u00f3n definitiva de una acusaci\u00f3n sin soporte alguno.<\/p>\n\n\n<div class=\"wp-block-image\">\n<figure class=\"aligncenter size-full\"><img loading=\"lazy\" decoding=\"async\" width=\"706\" height=\"435\" src=\"https:\/\/plazajuarez.mx\/historico\/historico\/wp-content\/uploads\/2022\/10\/JMK-EN-BREVE-SEGUIRA\u0301-SU-PROCESO-EN-CASA.-\u2013Especial-.jpg\" alt=\"\" class=\"wp-image-234653\" srcset=\"https:\/\/plazajuarez.mx\/historico\/wp-content\/uploads\/2022\/10\/JMK-EN-BREVE-SEGUIRA\u0301-SU-PROCESO-EN-CASA.-\u2013Especial-.jpg 706w, https:\/\/plazajuarez.mx\/historico\/wp-content\/uploads\/2022\/10\/JMK-EN-BREVE-SEGUIRA\u0301-SU-PROCESO-EN-CASA.-\u2013Especial--702x432.jpg 702w\" sizes=\"auto, (max-width: 706px) 100vw, 706px\" \/><\/figure>\n<\/div>\n\n\n<p>&nbsp;&nbsp;&nbsp;&nbsp;&nbsp;&nbsp;&nbsp;&nbsp;&nbsp;&nbsp;&nbsp;&nbsp;&nbsp;&nbsp;&nbsp;&nbsp;&nbsp;&nbsp;&nbsp;&nbsp;&nbsp;&nbsp;&nbsp;&nbsp;&nbsp;&nbsp;&nbsp;&nbsp;&nbsp;&nbsp;&nbsp;&nbsp;&nbsp;&nbsp;&nbsp;&nbsp;&nbsp;&nbsp;&nbsp;&nbsp;&nbsp;&nbsp;&nbsp;&nbsp;&nbsp;&nbsp;&nbsp;&nbsp;&nbsp;&nbsp;&nbsp;&nbsp;&nbsp;&nbsp;&nbsp; ***<\/p>\n\n\n\n<p><strong>\u00bfENTONCES, TODO FUE UNA ESTAFA SINIESTRA? <\/strong>\u2013 No s\u00e9 si usted se acuerda de la entrevista que <strong>Denisse Maerker<\/strong> hizo al ex presidente, <strong>Carlos Salinas de Gortari,<\/strong> en la que el entonces, y tal vez todav\u00eda, hombre m\u00e1s poderoso del pa\u00eds, contestaba a cualquier pregunta que le incomodara, con la frase: \u201cpol\u00edtica ficci\u00f3n\u201d, al grado de hartar a la periodista y al teleauditorio. Usada como una muletilla eficaz, le funcion\u00f3 y no le funcion\u00f3, porque al final de cuentas perdi\u00f3 su sentido real y su valor. Algo as\u00ed puede empezar a suceder en Hidalgo, si todos y cada uno de los funcionarios deciden saturar al ciudadano con la frase, \u201cestafa siniestra\u201d. Porque en un principio suena bien que hayamos llegado en corrupci\u00f3n a los niveles de la \u201cestafa maestra\u201d. Pero el hecho fundamental es que puede llegar al choteo, al grado que, si en una cooperativa escolar alguien se tranz\u00f3 una torta, no faltar\u00e1 quien exclame: \u201cestafa siniestra\u201d. Si un taxista no le regres\u00f3 el cambio: \u201cestafa siniestra\u201d. En fin, que pasar\u00e1 lo mismo que con el mentado Salinas y su \u201cpol\u00edtica ficci\u00f3n\u201d.<\/p>\n\n\n<div class=\"wp-block-image\">\n<figure class=\"aligncenter size-full\"><img loading=\"lazy\" decoding=\"async\" width=\"1280\" height=\"853\" src=\"https:\/\/plazajuarez.mx\/historico\/historico\/wp-content\/uploads\/2022\/10\/\u00bfENTONCES-TODO-FUE-UNA-ESTAFA-SINIESTRA_-\u2013-Ilustrativa-.jpg\" alt=\"\" class=\"wp-image-234655\" srcset=\"https:\/\/plazajuarez.mx\/historico\/wp-content\/uploads\/2022\/10\/\u00bfENTONCES-TODO-FUE-UNA-ESTAFA-SINIESTRA_-\u2013-Ilustrativa-.jpg 1280w, https:\/\/plazajuarez.mx\/historico\/wp-content\/uploads\/2022\/10\/\u00bfENTONCES-TODO-FUE-UNA-ESTAFA-SINIESTRA_-\u2013-Ilustrativa--768x512.jpg 768w, https:\/\/plazajuarez.mx\/historico\/wp-content\/uploads\/2022\/10\/\u00bfENTONCES-TODO-FUE-UNA-ESTAFA-SINIESTRA_-\u2013-Ilustrativa--274x183.jpg 274w, https:\/\/plazajuarez.mx\/historico\/wp-content\/uploads\/2022\/10\/\u00bfENTONCES-TODO-FUE-UNA-ESTAFA-SINIESTRA_-\u2013-Ilustrativa--80x54.jpg 80w, https:\/\/plazajuarez.mx\/historico\/wp-content\/uploads\/2022\/10\/\u00bfENTONCES-TODO-FUE-UNA-ESTAFA-SINIESTRA_-\u2013-Ilustrativa--130x87.jpg 130w, https:\/\/plazajuarez.mx\/historico\/wp-content\/uploads\/2022\/10\/\u00bfENTONCES-TODO-FUE-UNA-ESTAFA-SINIESTRA_-\u2013-Ilustrativa--359x240.jpg 359w, https:\/\/plazajuarez.mx\/historico\/wp-content\/uploads\/2022\/10\/\u00bfENTONCES-TODO-FUE-UNA-ESTAFA-SINIESTRA_-\u2013-Ilustrativa--85x57.jpg 85w, https:\/\/plazajuarez.mx\/historico\/wp-content\/uploads\/2022\/10\/\u00bfENTONCES-TODO-FUE-UNA-ESTAFA-SINIESTRA_-\u2013-Ilustrativa--546x365.jpg 546w, https:\/\/plazajuarez.mx\/historico\/wp-content\/uploads\/2022\/10\/\u00bfENTONCES-TODO-FUE-UNA-ESTAFA-SINIESTRA_-\u2013-Ilustrativa--165x109.jpg 165w, https:\/\/plazajuarez.mx\/historico\/wp-content\/uploads\/2022\/10\/\u00bfENTONCES-TODO-FUE-UNA-ESTAFA-SINIESTRA_-\u2013-Ilustrativa--112x75.jpg 112w, https:\/\/plazajuarez.mx\/historico\/wp-content\/uploads\/2022\/10\/\u00bfENTONCES-TODO-FUE-UNA-ESTAFA-SINIESTRA_-\u2013-Ilustrativa--179x120.jpg 179w, https:\/\/plazajuarez.mx\/historico\/wp-content\/uploads\/2022\/10\/\u00bfENTONCES-TODO-FUE-UNA-ESTAFA-SINIESTRA_-\u2013-Ilustrativa--170x113.jpg 170w, https:\/\/plazajuarez.mx\/historico\/wp-content\/uploads\/2022\/10\/\u00bfENTONCES-TODO-FUE-UNA-ESTAFA-SINIESTRA_-\u2013-Ilustrativa--81x55.jpg 81w, https:\/\/plazajuarez.mx\/historico\/wp-content\/uploads\/2022\/10\/\u00bfENTONCES-TODO-FUE-UNA-ESTAFA-SINIESTRA_-\u2013-Ilustrativa--765x510.jpg 765w\" sizes=\"auto, (max-width: 1280px) 100vw, 1280px\" \/><\/figure>\n<\/div>\n\n\n<p><strong>EX PRESIDENTA DEL CONSEJO INTERINO DE ZAPOTL\u00c1N, UNA DELINCUENTE.<\/strong> \u2013 Pero en manos de qui\u00e9n jijos estuvo la poblaci\u00f3n del municipio de Zapotl\u00e1n de Ju\u00e1rez, luego que se inform\u00f3 de la detenci\u00f3n de la ex presidenta del Consejo Interino de Administraci\u00f3n de dicho ayuntamiento, que tiene por identificaci\u00f3n las siglas D.B.J.B. Si se tratara de otra integrante de la \u201cestafa siniestra\u201d, incluso hasta se entiende, porque es parte de la pandemia, la peste del neoliberalismo. Pero sucede que no, que es acusada de secuestro y homicidio que habr\u00eda ocurrido el a\u00f1o pasado. Y, lo crea usted o no, esta mujer estuvo al frente de Zapotl\u00e1n.<\/p>\n\n\n<div class=\"wp-block-image\">\n<figure class=\"aligncenter size-full\"><img loading=\"lazy\" decoding=\"async\" width=\"821\" height=\"373\" src=\"https:\/\/plazajuarez.mx\/historico\/historico\/wp-content\/uploads\/2022\/10\/EX-PRESIDENTA-DEL-CONSEJO-INTERINO-DE-ZAPOTLA\u0301N-UNA-DELINCUENTE.-\u2013-Especial-.jpg\" alt=\"\" class=\"wp-image-234654\" srcset=\"https:\/\/plazajuarez.mx\/historico\/wp-content\/uploads\/2022\/10\/EX-PRESIDENTA-DEL-CONSEJO-INTERINO-DE-ZAPOTLA\u0301N-UNA-DELINCUENTE.-\u2013-Especial-.jpg 821w, https:\/\/plazajuarez.mx\/historico\/wp-content\/uploads\/2022\/10\/EX-PRESIDENTA-DEL-CONSEJO-INTERINO-DE-ZAPOTLA\u0301N-UNA-DELINCUENTE.-\u2013-Especial--768x349.jpg 768w\" sizes=\"auto, (max-width: 821px) 100vw, 821px\" \/><\/figure>\n<\/div>\n\n\n<p><strong>Aviso para que no digan: Esta columna se nutre de comentarios recabados por agencias del Recontra-Espionaje, muy similares a las que populariz\u00f3 el \u201cS\u00faper Agente 86\u201d en sus tiempos. Como tal lo que publicamos puede que sea cierto, puede que no, o todo lo contrario. Est\u00e1 usted en libertad de creer o no lo que lee, recontra-enojarse, recontra- carcajearse y hasta recontra-recordarnos a nuestra jefecita (nosotros recontra-haremos lo propio). Avisado est\u00e1 usted.<\/strong><\/p>\n","protected":false},"excerpt":{"rendered":"<p>PLAN ESTATAL DE DESARROLLO, EN PROCESO. \u2013 Un elemento fundamental al momento de hacer los trabajos para la elaboraci\u00f3n del Plan Estatal de Desarrollo, es asumir de principio, que el largo historial de estos documentos en Hidalgo, es deber pensar por necesidad que, en t\u00e9rminos concretos, no hay nada nuevo bajo el sol, como no [&hellip;]<\/p>\n","protected":false},"author":93,"featured_media":234681,"comment_status":"closed","ping_status":"closed","sticky":false,"template":"","format":"standard","meta":{"footnotes":""},"categories":[83],"tags":[],"class_list":["post-234651","post","type-post","status-publish","format-standard","has-post-thumbnail","hentry","category-dese-por-enterado"],"_links":{"self":[{"href":"https:\/\/plazajuarez.mx\/historico\/wp-json\/wp\/v2\/posts\/234651","targetHints":{"allow":["GET"]}}],"collection":[{"href":"https:\/\/plazajuarez.mx\/historico\/wp-json\/wp\/v2\/posts"}],"about":[{"href":"https:\/\/plazajuarez.mx\/historico\/wp-json\/wp\/v2\/types\/post"}],"author":[{"embeddable":true,"href":"https:\/\/plazajuarez.mx\/historico\/wp-json\/wp\/v2\/users\/93"}],"replies":[{"embeddable":true,"href":"https:\/\/plazajuarez.mx\/historico\/wp-json\/wp\/v2\/comments?post=234651"}],"version-history":[{"count":0,"href":"https:\/\/plazajuarez.mx\/historico\/wp-json\/wp\/v2\/posts\/234651\/revisions"}],"wp:featuredmedia":[{"embeddable":true,"href":"https:\/\/plazajuarez.mx\/historico\/wp-json\/wp\/v2\/media\/234681"}],"wp:attachment":[{"href":"https:\/\/plazajuarez.mx\/historico\/wp-json\/wp\/v2\/media?parent=234651"}],"wp:term":[{"taxonomy":"category","embeddable":true,"href":"https:\/\/plazajuarez.mx\/historico\/wp-json\/wp\/v2\/categories?post=234651"},{"taxonomy":"post_tag","embeddable":true,"href":"https:\/\/plazajuarez.mx\/historico\/wp-json\/wp\/v2\/tags?post=234651"}],"curies":[{"name":"wp","href":"https:\/\/api.w.org\/{rel}","templated":true}]}}