{"id":234632,"date":"2022-10-18T17:37:53","date_gmt":"2022-10-18T22:37:53","guid":{"rendered":"https:\/\/plazajuarez.mx\/?p=234632"},"modified":"2022-10-18T17:39:06","modified_gmt":"2022-10-18T22:39:06","slug":"jornadas_medicas","status":"publish","type":"post","link":"https:\/\/plazajuarez.mx\/historico\/jornadas_medicas\/","title":{"rendered":"Ayuntamiento de Villa de Tezontepec brinda Jornadas m\u00e9dicas"},"content":{"rendered":"\n<ul class=\"wp-block-list\"><li>Inician desde las 8:00 de la ma\u00f1ana, invitan a seguirse cuidando con el uso de cubrebocas\u00a0<\/li><\/ul>\n\n\n\n<p>Elsa Dolores V\u00e1zquez, presidenta municipal del municipio de Villa de Tezontepec, invita a los ciudadanos a que asistan a las Jornadas M\u00e9dicas que se est\u00e1n llevando a cabo con la participaci\u00f3n y trabajo en conjunto con el personal de Pemex, quienes entregan medicamento gratuito; aprovech\u00f3 para agradecer la labor de s\u00edndicos y regidores que integran el Ayuntamiento por hacer posible esto.<\/p>\n\n\n\n<p>V\u00e1zquez expres\u00f3 que se siente muy contenta porque en este mes \u201cRosa\u201d hay que apoyar a las mujeres, y con la jornada m\u00e9dica se atender\u00e1n mediante ultrasonidos para detectar el c\u00e1ncer de mama y prevenir a tiempo este padecimiento.&nbsp;&nbsp;<\/p>\n\n\n\n<p>Cabe destacar que las fechas con las que cuentan en la jornada de salud son: el d\u00eda 19 en el centro de la colonia Morelos; para el 20 de octubre estar\u00e1n en el centro de<\/p>\n","protected":false},"excerpt":{"rendered":"<p>Inician desde las 8:00 de la ma\u00f1ana, invitan a seguirse cuidando con el uso de cubrebocas\u00a0 Elsa Dolores V\u00e1zquez, presidenta municipal del municipio de Villa de Tezontepec, invita a los ciudadanos a que asistan a las Jornadas M\u00e9dicas que se est\u00e1n llevando a cabo con la participaci\u00f3n y trabajo en conjunto con el personal de [&hellip;]<\/p>\n","protected":false},"author":93,"featured_media":234633,"comment_status":"closed","ping_status":"closed","sticky":false,"template":"","format":"standard","meta":{"footnotes":""},"categories":[15,2159,40],"tags":[],"class_list":["post-234632","post","type-post","status-publish","format-standard","has-post-thumbnail","hentry","category-destacadas","category-noticias-de-hidalgo","category-region"],"_links":{"self":[{"href":"https:\/\/plazajuarez.mx\/historico\/wp-json\/wp\/v2\/posts\/234632","targetHints":{"allow":["GET"]}}],"collection":[{"href":"https:\/\/plazajuarez.mx\/historico\/wp-json\/wp\/v2\/posts"}],"about":[{"href":"https:\/\/plazajuarez.mx\/historico\/wp-json\/wp\/v2\/types\/post"}],"author":[{"embeddable":true,"href":"https:\/\/plazajuarez.mx\/historico\/wp-json\/wp\/v2\/users\/93"}],"replies":[{"embeddable":true,"href":"https:\/\/plazajuarez.mx\/historico\/wp-json\/wp\/v2\/comments?post=234632"}],"version-history":[{"count":0,"href":"https:\/\/plazajuarez.mx\/historico\/wp-json\/wp\/v2\/posts\/234632\/revisions"}],"wp:featuredmedia":[{"embeddable":true,"href":"https:\/\/plazajuarez.mx\/historico\/wp-json\/wp\/v2\/media\/234633"}],"wp:attachment":[{"href":"https:\/\/plazajuarez.mx\/historico\/wp-json\/wp\/v2\/media?parent=234632"}],"wp:term":[{"taxonomy":"category","embeddable":true,"href":"https:\/\/plazajuarez.mx\/historico\/wp-json\/wp\/v2\/categories?post=234632"},{"taxonomy":"post_tag","embeddable":true,"href":"https:\/\/plazajuarez.mx\/historico\/wp-json\/wp\/v2\/tags?post=234632"}],"curies":[{"name":"wp","href":"https:\/\/api.w.org\/{rel}","templated":true}]}}