{"id":234628,"date":"2022-10-18T17:33:28","date_gmt":"2022-10-18T22:33:28","guid":{"rendered":"https:\/\/plazajuarez.mx\/?p=234628"},"modified":"2022-10-18T17:33:33","modified_gmt":"2022-10-18T22:33:33","slug":"jorge_marquez","status":"publish","type":"post","link":"https:\/\/plazajuarez.mx\/historico\/jorge_marquez\/","title":{"rendered":"JORGE M\u00c1RQUEZ INAUGUR\u00d3\u00a0NUEVO COMEDOR MUNICIPAL EN LA CA\u00d1ADA"},"content":{"rendered":"\n<p><\/p>\n\n\n\n<p>En apoyo a quienes menos tienen, el presidente Jorge M\u00e1rquez Alvarado inaugur\u00f3 y puso en funcionamiento un nuevo comedor municipal en la colonia La Ca\u00f1ada, el cual distribuir\u00e1 de manera inicial alrededor de 50 raciones entre desayunos y comidas.<\/p>\n\n\n\n<p>El mandatario Tulancinguense asegur\u00f3 que los cuatro comedores operantes y este nuevo, tienen como objetivo proporcionar alimentos dignos, independientemente de su bajo costo pues se preparan por personal comprometido con la higiene, la calidad y sobre todo con sentido humano.<\/p>\n\n\n\n<p>El ejecutivo local tambi\u00e9n inform\u00f3 que en este \u00faltimo a\u00f1o, han&nbsp; sido&nbsp; servidas 25 mil 261 porciones de alimentos con bajo costo.<\/p>\n\n\n\n<p>Se asegur\u00f3 que en Tulancingo, el programa de comedores ya est\u00e1 posicionado y eso da la pauta para proyectar hac\u00eda el futuro.<\/p>\n\n\n\n<p>Con los comedores municipales, el Gobierno de Tulancingo ayuda a contrarrestar los efectos de la actual crisis econ\u00f3mica y alimentaria, en muchos hogares, lo cual&nbsp; se refleja&nbsp; en mayores usuarios de&nbsp; raciones de desayuno o comida.<\/p>\n\n\n\n<p>Se revel\u00f3 que a causa de la pandemia, muchas personas, quedaron limitadas a no&nbsp; trabajar como antes por las secuelas del covid, y ahora los comedores son una alternativa para tener alimento.<\/p>\n\n\n\n<p>Asimismo, otros usuarios de los comedores son adultos mayores, embarazadas y&nbsp; madres solteras,&nbsp; que al no tener&nbsp; apoyo familiar, tambi\u00e9n recurren a esta red de apoyo que tiene a su cargo la Secretaria de Desarrollo Humano y Social.<\/p>\n\n\n\n<p>El programa de comedores est\u00e1 abierto al p\u00fablico y se cuenta con la modalidad de consumo interno y con raciones para llevar.<\/p>\n\n\n\n<p>Finalmente tras cortar el list\u00f3n del quinto comedor, las autoridades municipales y el ayuntamiento de Tulancingo refrendaron su compromiso con la sociedad civil para seguir mitigando la carencia alimentaria.<\/p>\n\n\n\n<p>Los desayunos y comidas tienen men\u00fas balanceados y se ofrecen con un costo de 17 pesos.<\/p>\n\n\n\n<p>Se sirven de lunes a viernes, propiciando tambi\u00e9n la cohesi\u00f3n social, adem\u00e1s de que tambi\u00e9n se motiva el empoderamiento de la mujer pues gran parte de la matr\u00edcula en el programa de comedores son mujeres.<\/p>\n","protected":false},"excerpt":{"rendered":"<p>En apoyo a quienes menos tienen, el presidente Jorge M\u00e1rquez Alvarado inaugur\u00f3 y puso en funcionamiento un nuevo comedor municipal en la colonia La Ca\u00f1ada, el cual distribuir\u00e1 de manera inicial alrededor de 50 raciones entre desayunos y comidas. El mandatario Tulancinguense asegur\u00f3 que los cuatro comedores operantes y este nuevo, tienen como objetivo proporcionar [&hellip;]<\/p>\n","protected":false},"author":93,"featured_media":234630,"comment_status":"closed","ping_status":"closed","sticky":false,"template":"","format":"standard","meta":{"footnotes":""},"categories":[15,59,2159,40],"tags":[],"class_list":["post-234628","post","type-post","status-publish","format-standard","has-post-thumbnail","hentry","category-destacadas","category-general","category-noticias-de-hidalgo","category-region"],"_links":{"self":[{"href":"https:\/\/plazajuarez.mx\/historico\/wp-json\/wp\/v2\/posts\/234628","targetHints":{"allow":["GET"]}}],"collection":[{"href":"https:\/\/plazajuarez.mx\/historico\/wp-json\/wp\/v2\/posts"}],"about":[{"href":"https:\/\/plazajuarez.mx\/historico\/wp-json\/wp\/v2\/types\/post"}],"author":[{"embeddable":true,"href":"https:\/\/plazajuarez.mx\/historico\/wp-json\/wp\/v2\/users\/93"}],"replies":[{"embeddable":true,"href":"https:\/\/plazajuarez.mx\/historico\/wp-json\/wp\/v2\/comments?post=234628"}],"version-history":[{"count":0,"href":"https:\/\/plazajuarez.mx\/historico\/wp-json\/wp\/v2\/posts\/234628\/revisions"}],"wp:featuredmedia":[{"embeddable":true,"href":"https:\/\/plazajuarez.mx\/historico\/wp-json\/wp\/v2\/media\/234630"}],"wp:attachment":[{"href":"https:\/\/plazajuarez.mx\/historico\/wp-json\/wp\/v2\/media?parent=234628"}],"wp:term":[{"taxonomy":"category","embeddable":true,"href":"https:\/\/plazajuarez.mx\/historico\/wp-json\/wp\/v2\/categories?post=234628"},{"taxonomy":"post_tag","embeddable":true,"href":"https:\/\/plazajuarez.mx\/historico\/wp-json\/wp\/v2\/tags?post=234628"}],"curies":[{"name":"wp","href":"https:\/\/api.w.org\/{rel}","templated":true}]}}