{"id":2346,"date":"2015-03-16T06:00:00","date_gmt":"2015-03-16T06:00:00","guid":{"rendered":"http:\/\/plazajuarez.mx\/index\/index.php\/2015\/03\/16\/la-tumba-de-sadam-husein-fue-destruida-en-los-combates-de-tikrit\/"},"modified":"2015-03-16T06:00:00","modified_gmt":"2015-03-16T06:00:00","slug":"la-tumba-de-sadam-husein-fue-destruida-en-los-combates-de-tikrit","status":"publish","type":"post","link":"https:\/\/plazajuarez.mx\/historico\/la-tumba-de-sadam-husein-fue-destruida-en-los-combates-de-tikrit\/","title":{"rendered":"La tumba de Sadam Husein, fue  destruida en los combates de Tikrit"},"content":{"rendered":"<p>La tumba del fallecido dictador Sadam Husein fue destruida durante los combates entre el Ej\u00e9rcito iraqu\u00ed y el grupo yihadista Estado Isl\u00e1mico (EI) en Tikrit, capital de la provincia de Saladino, confirm\u00f3 ayer una fuente de seguridad. El mausoleo donde estaba sepultado el exmandatario, en la aldea Al Ouya, al sur de Tikrit, fue totalmente arrasado durante los enfrentamientos que se libran en la zona, en el marco de la campa\u00f1a militar lanzada para liberar la provincia del control del EI. No obstante, los restos de Sadam hab\u00edan sido trasladados a otro lugar por su familia el pasado junio, un mes antes de que los yihadistas se hicieran con el control de la localidad.<\/p>\n<p>  <!--more-->  <\/p>\n<p>\u00a0<\/p>\n<p>Sadam, que ostent\u00f3 el poder en Irak durante 24 a\u00f1os, fue detenido en diciembre de 2003 tras la invasi\u00f3n que precedi\u00f3 la ca\u00edda de su r\u00e9gimen, y ejecutado el 30 de diciembre de 2006 en Bagdad. (Agencias)<\/p>\n","protected":false},"excerpt":{"rendered":"<p>La tumba del fallecido dictador Sadam Husein fue destruida durante los combates entre el Ej\u00e9rcito iraqu\u00ed y el grupo yihadista Estado Isl\u00e1mico (EI) en Tikrit, capital de la provincia de Saladino, confirm\u00f3 ayer una fuente de seguridad. El mausoleo donde estaba sepultado el exmandatario, en la aldea Al Ouya, al sur de Tikrit, fue totalmente [&hellip;]<\/p>\n","protected":false},"author":93,"featured_media":0,"comment_status":"open","ping_status":"open","sticky":false,"template":"","format":"standard","meta":{"footnotes":""},"categories":[31],"tags":[],"class_list":["post-2346","post","type-post","status-publish","format-standard","hentry","category-orbe"],"_links":{"self":[{"href":"https:\/\/plazajuarez.mx\/historico\/wp-json\/wp\/v2\/posts\/2346","targetHints":{"allow":["GET"]}}],"collection":[{"href":"https:\/\/plazajuarez.mx\/historico\/wp-json\/wp\/v2\/posts"}],"about":[{"href":"https:\/\/plazajuarez.mx\/historico\/wp-json\/wp\/v2\/types\/post"}],"author":[{"embeddable":true,"href":"https:\/\/plazajuarez.mx\/historico\/wp-json\/wp\/v2\/users\/93"}],"replies":[{"embeddable":true,"href":"https:\/\/plazajuarez.mx\/historico\/wp-json\/wp\/v2\/comments?post=2346"}],"version-history":[{"count":0,"href":"https:\/\/plazajuarez.mx\/historico\/wp-json\/wp\/v2\/posts\/2346\/revisions"}],"wp:attachment":[{"href":"https:\/\/plazajuarez.mx\/historico\/wp-json\/wp\/v2\/media?parent=2346"}],"wp:term":[{"taxonomy":"category","embeddable":true,"href":"https:\/\/plazajuarez.mx\/historico\/wp-json\/wp\/v2\/categories?post=2346"},{"taxonomy":"post_tag","embeddable":true,"href":"https:\/\/plazajuarez.mx\/historico\/wp-json\/wp\/v2\/tags?post=2346"}],"curies":[{"name":"wp","href":"https:\/\/api.w.org\/{rel}","templated":true}]}}