{"id":234598,"date":"2022-10-18T15:01:23","date_gmt":"2022-10-18T20:01:23","guid":{"rendered":"https:\/\/plazajuarez.mx\/?p=234598"},"modified":"2022-10-18T15:10:49","modified_gmt":"2022-10-18T20:10:49","slug":"erradicar-la-discriminacion","status":"publish","type":"post","link":"https:\/\/plazajuarez.mx\/historico\/erradicar-la-discriminacion\/","title":{"rendered":"Erradicar la discriminaci\u00f3n estructural e institucionalizada: GLPRI"},"content":{"rendered":"\n<p>El coordinador, del grupo legislativo del PRI en el congreso estatal, diputado Julio Valera Piedras, expuso ante el pleno una iniciativa que reforma la Ley para prevenir, atender, sancionar y eliminar la discriminaci\u00f3n Hidalgo.<br>&nbsp;<\/p>\n\n\n\n<p>Valera Piedras inform\u00f3 que \u201cen el GLPRI por medio de la presente iniciativa propone que las autoridades del Gobierno del Estado, Ayuntamientos, Entidades Estatales, Municipales y Organismos P\u00fablicos Aut\u00f3nomos, cuenten en sus oficinas y establecimientos de atenci\u00f3n a la ciudadan\u00eda o al p\u00fablico en general, con se\u00f1al\u00e9tica visible a todo el p\u00fablico&nbsp;\u201cEn este lugar no&nbsp;discriminamos\u201d.<\/p>\n\n\n\n<p>&nbsp;Adem\u00e1s,&nbsp;\u201cno se debe prohibir negar, excluir o distinguir el acceso o prestaci\u00f3n del servicio a cualquier persona o colectivo social\u201d.<\/p>\n\n\n\n<p>Valera Piedras detall\u00f3 que seg\u00fan la Encuesta Nacional Sobre Discriminaci\u00f3n 2017,el 20.2% de la poblaci\u00f3n de 18 a\u00f1os y m\u00e1s, declar\u00f3 haber sido discriminada.<\/p>\n\n\n\n<p>Los motivos m\u00e1s frecuentes, precis\u00f3,&nbsp; \u201cson la apariencia, las creencias religiosas y el g\u00e9nero para las mujeres; en tanto que para los hombres son la apariencia, la manera de hablar y la edad\u201d.<\/p>\n\n\n\n<p>Otro dato relevante, a\u00f1adi\u00f3 el diputado priista, \u201ces que&nbsp;el 23.3%&nbsp;de los encuestados&nbsp;se\u00f1al\u00f3&nbsp;que&nbsp;en los \u00faltimos cinco a\u00f1os, se le neg\u00f3 injustificadamente alguno de los derechos,&nbsp;como recibir programas y apoyos sociales,atenci\u00f3n m\u00e9dica o medicamentos&nbsp;y los servicio en una oficina de Gobierno\u201d.<\/p>\n\n\n\n<p>\u201cEn el \u00e1mbito laboral&nbsp;los&nbsp;tres grupos&nbsp;m\u00e1s&nbsp;afectados por actos de discriminaci\u00f3n&nbsp;son: las personas con discapacidad, ind\u00edgenas y de diversidad sexual\u201d, se\u00f1al\u00f3 Valera Piedras.<\/p>\n\n\n\n<p>\u201cEn conclusi\u00f3n,&nbsp;los servidores p\u00fablicos&nbsp;que deber\u00edan&nbsp;atender y&nbsp;actuar con respeto, tolerancia y no discriminaci\u00f3n&nbsp;hacia la ciudadan\u00eda&nbsp;est\u00e1n fallando en su deber\u201d, finaliz\u00f3.&nbsp;<\/p>\n","protected":false},"excerpt":{"rendered":"<p>El coordinador, del grupo legislativo del PRI en el congreso estatal, diputado Julio Valera Piedras, expuso ante el pleno una iniciativa que reforma la Ley para prevenir, atender, sancionar y eliminar la discriminaci\u00f3n Hidalgo.&nbsp; Valera Piedras inform\u00f3 que \u201cen el GLPRI por medio de la presente iniciativa propone que las autoridades del Gobierno del Estado, [&hellip;]<\/p>\n","protected":false},"author":93,"featured_media":234601,"comment_status":"closed","ping_status":"closed","sticky":false,"template":"","format":"standard","meta":{"footnotes":""},"categories":[15,59,2159],"tags":[],"class_list":["post-234598","post","type-post","status-publish","format-standard","has-post-thumbnail","hentry","category-destacadas","category-general","category-noticias-de-hidalgo"],"_links":{"self":[{"href":"https:\/\/plazajuarez.mx\/historico\/wp-json\/wp\/v2\/posts\/234598","targetHints":{"allow":["GET"]}}],"collection":[{"href":"https:\/\/plazajuarez.mx\/historico\/wp-json\/wp\/v2\/posts"}],"about":[{"href":"https:\/\/plazajuarez.mx\/historico\/wp-json\/wp\/v2\/types\/post"}],"author":[{"embeddable":true,"href":"https:\/\/plazajuarez.mx\/historico\/wp-json\/wp\/v2\/users\/93"}],"replies":[{"embeddable":true,"href":"https:\/\/plazajuarez.mx\/historico\/wp-json\/wp\/v2\/comments?post=234598"}],"version-history":[{"count":0,"href":"https:\/\/plazajuarez.mx\/historico\/wp-json\/wp\/v2\/posts\/234598\/revisions"}],"wp:featuredmedia":[{"embeddable":true,"href":"https:\/\/plazajuarez.mx\/historico\/wp-json\/wp\/v2\/media\/234601"}],"wp:attachment":[{"href":"https:\/\/plazajuarez.mx\/historico\/wp-json\/wp\/v2\/media?parent=234598"}],"wp:term":[{"taxonomy":"category","embeddable":true,"href":"https:\/\/plazajuarez.mx\/historico\/wp-json\/wp\/v2\/categories?post=234598"},{"taxonomy":"post_tag","embeddable":true,"href":"https:\/\/plazajuarez.mx\/historico\/wp-json\/wp\/v2\/tags?post=234598"}],"curies":[{"name":"wp","href":"https:\/\/api.w.org\/{rel}","templated":true}]}}