{"id":234593,"date":"2022-10-18T14:50:17","date_gmt":"2022-10-18T19:50:17","guid":{"rendered":"https:\/\/plazajuarez.mx\/?p=234593"},"modified":"2022-10-18T14:50:24","modified_gmt":"2022-10-18T19:50:24","slug":"ricardo_salinas-2","status":"publish","type":"post","link":"https:\/\/plazajuarez.mx\/historico\/ricardo_salinas-2\/","title":{"rendered":"Ricardo Salinas Pliego le regalan un Dr. Simi por su cumplea\u00f1os"},"content":{"rendered":"\n<p> El empresario, Ricardo Salinas Pliego, organiz\u00f3 una fiesta exclusiva con influencers y conductores para celebrar su cumplea\u00f1os n\u00famero 67 en las instalaciones de TV Azteca.<\/p>\n\n\n\n<p>Entre los invitados al #RicardoSalinasFest estuvieron: El Capi Perez, Cristal Silva, Escorpi\u00f3n Dorado, Chumel Torres, Tabata Jalil, Poncho de Nigris, Christian Martinoli, Laura G, entre otras celebridades.<\/p>\n\n\n\n<p>La pachanga agarr\u00f3 sabor cuando se organiz\u00f3 el karaoke y todos coreaban canciones como &#8220;Afuera&#8221; del grupo Caifanes; mientras Don Ricardo -como se denomina en redes- no paraba de mostrar sus mejores pasos al ritmo de la m\u00fasica.<\/p>\n\n\n\n<p>Es as\u00ed como dio inicio el festejo de Salinas Pliego, de mateles largos en compa\u00f1\u00eda de su esposa, la empresaria Mar\u00eda Laura Medina.<\/p>\n\n\n\n<p>La cereza del pastel fue cuando uno de sus invitados le obsequi\u00f3 un peluche del Dr. Simi vestido como Ricardo Salinas.<\/p>\n\n\n\n<p>Para amenizar la fiesta, el magnate tuvo como invitados al grupo &#8220;MYST MySoundTrack&#8221;, que tocaron distintos g\u00e9neros durante la velada.<\/p>\n","protected":false},"excerpt":{"rendered":"<p>El empresario, Ricardo Salinas Pliego, organiz\u00f3 una fiesta exclusiva con influencers y conductores para celebrar su cumplea\u00f1os n\u00famero 67 en las instalaciones de TV Azteca. Entre los invitados al #RicardoSalinasFest estuvieron: El Capi Perez, Cristal Silva, Escorpi\u00f3n Dorado, Chumel Torres, Tabata Jalil, Poncho de Nigris, Christian Martinoli, Laura G, entre otras celebridades. La pachanga agarr\u00f3 [&hellip;]<\/p>\n","protected":false},"author":81,"featured_media":234592,"comment_status":"closed","ping_status":"closed","sticky":false,"template":"","format":"standard","meta":{"footnotes":""},"categories":[38],"tags":[],"class_list":["post-234593","post","type-post","status-publish","format-standard","has-post-thumbnail","hentry","category-show"],"_links":{"self":[{"href":"https:\/\/plazajuarez.mx\/historico\/wp-json\/wp\/v2\/posts\/234593","targetHints":{"allow":["GET"]}}],"collection":[{"href":"https:\/\/plazajuarez.mx\/historico\/wp-json\/wp\/v2\/posts"}],"about":[{"href":"https:\/\/plazajuarez.mx\/historico\/wp-json\/wp\/v2\/types\/post"}],"author":[{"embeddable":true,"href":"https:\/\/plazajuarez.mx\/historico\/wp-json\/wp\/v2\/users\/81"}],"replies":[{"embeddable":true,"href":"https:\/\/plazajuarez.mx\/historico\/wp-json\/wp\/v2\/comments?post=234593"}],"version-history":[{"count":0,"href":"https:\/\/plazajuarez.mx\/historico\/wp-json\/wp\/v2\/posts\/234593\/revisions"}],"wp:featuredmedia":[{"embeddable":true,"href":"https:\/\/plazajuarez.mx\/historico\/wp-json\/wp\/v2\/media\/234592"}],"wp:attachment":[{"href":"https:\/\/plazajuarez.mx\/historico\/wp-json\/wp\/v2\/media?parent=234593"}],"wp:term":[{"taxonomy":"category","embeddable":true,"href":"https:\/\/plazajuarez.mx\/historico\/wp-json\/wp\/v2\/categories?post=234593"},{"taxonomy":"post_tag","embeddable":true,"href":"https:\/\/plazajuarez.mx\/historico\/wp-json\/wp\/v2\/tags?post=234593"}],"curies":[{"name":"wp","href":"https:\/\/api.w.org\/{rel}","templated":true}]}}