{"id":234585,"date":"2022-10-18T14:08:31","date_gmt":"2022-10-18T19:08:31","guid":{"rendered":"https:\/\/plazajuarez.mx\/?p=234585"},"modified":"2022-10-18T14:08:43","modified_gmt":"2022-10-18T19:08:43","slug":"amlo_twitter","status":"publish","type":"post","link":"https:\/\/plazajuarez.mx\/historico\/amlo_twitter\/","title":{"rendered":"AMLO acuerda con Walmart bajar la inflaci\u00f3n en alimentos"},"content":{"rendered":"\n<p>El presidente Andr\u00e9s Manuel L\u00f3pez Obrador sostuvo este martes un encuentro en Palacio Nacional con Judith McKenna, presidenta y directora ejecutiva de Walmart Internacional.<\/p>\n\n\n\n<p>A trav\u00e9s de sus redes sociales, L\u00f3pez Obrador inform\u00f3 que con McKenna acord\u00f3 &#8220;hacer todo lo posible para bajar la inflaci\u00f3n en alimentos&#8221;.<\/p>\n\n\n\n<p>&#8220;El acuerdo fue hacer todo lo posible para bajar la inflaci\u00f3n en alimentos. Las ventas de esta empresa equivalen al 25 por ciento del comercio minorista del pa\u00eds&#8221;, escribi\u00f3 el presidente L\u00f3pez Obrador.<\/p>\n\n\n\n<p>En su conferencia ma\u00f1anera de este martes en Palacio Nacional, L\u00f3pez Obrador se\u00f1al\u00f3 que su gobierno atiende el tema de la inflaci\u00f3n e inform\u00f3 que sostendr\u00eda un encuentro con Judith McKenna.<\/p>\n\n\n\n<p>&#8220;En energ\u00e9ticos no tenemos problema. Tenemos que resolver lo de alimentos, y en eso estamos ya trabajando. Que no aumente la canasta de 24 productos b\u00e1sicos, debe de costar mil 38 pesos. Hicimos el acuerdo con Walmart, con Chedraui, con Soriana y con otros distribuidores y productores. Hoy, creo, precisamente voy a recibir a la gerente mundial de Walmart, y un tema es el de los precios de los b\u00e1sicos&#8221;, dijo el Presidente.<\/p>\n","protected":false},"excerpt":{"rendered":"<p>El presidente Andr\u00e9s Manuel L\u00f3pez Obrador sostuvo este martes un encuentro en Palacio Nacional con Judith McKenna, presidenta y directora ejecutiva de Walmart Internacional. A trav\u00e9s de sus redes sociales, L\u00f3pez Obrador inform\u00f3 que con McKenna acord\u00f3 &#8220;hacer todo lo posible para bajar la inflaci\u00f3n en alimentos&#8221;. &#8220;El acuerdo fue hacer todo lo posible para [&hellip;]<\/p>\n","protected":false},"author":81,"featured_media":234586,"comment_status":"closed","ping_status":"closed","sticky":false,"template":"","format":"standard","meta":{"footnotes":""},"categories":[15,36],"tags":[],"class_list":["post-234585","post","type-post","status-publish","format-standard","has-post-thumbnail","hentry","category-destacadas","category-nacion"],"_links":{"self":[{"href":"https:\/\/plazajuarez.mx\/historico\/wp-json\/wp\/v2\/posts\/234585","targetHints":{"allow":["GET"]}}],"collection":[{"href":"https:\/\/plazajuarez.mx\/historico\/wp-json\/wp\/v2\/posts"}],"about":[{"href":"https:\/\/plazajuarez.mx\/historico\/wp-json\/wp\/v2\/types\/post"}],"author":[{"embeddable":true,"href":"https:\/\/plazajuarez.mx\/historico\/wp-json\/wp\/v2\/users\/81"}],"replies":[{"embeddable":true,"href":"https:\/\/plazajuarez.mx\/historico\/wp-json\/wp\/v2\/comments?post=234585"}],"version-history":[{"count":0,"href":"https:\/\/plazajuarez.mx\/historico\/wp-json\/wp\/v2\/posts\/234585\/revisions"}],"wp:featuredmedia":[{"embeddable":true,"href":"https:\/\/plazajuarez.mx\/historico\/wp-json\/wp\/v2\/media\/234586"}],"wp:attachment":[{"href":"https:\/\/plazajuarez.mx\/historico\/wp-json\/wp\/v2\/media?parent=234585"}],"wp:term":[{"taxonomy":"category","embeddable":true,"href":"https:\/\/plazajuarez.mx\/historico\/wp-json\/wp\/v2\/categories?post=234585"},{"taxonomy":"post_tag","embeddable":true,"href":"https:\/\/plazajuarez.mx\/historico\/wp-json\/wp\/v2\/tags?post=234585"}],"curies":[{"name":"wp","href":"https:\/\/api.w.org\/{rel}","templated":true}]}}