{"id":234581,"date":"2022-10-18T14:01:40","date_gmt":"2022-10-18T19:01:40","guid":{"rendered":"https:\/\/plazajuarez.mx\/?p=234581"},"modified":"2022-10-18T14:01:48","modified_gmt":"2022-10-18T19:01:48","slug":"canelo_alvarez-4","status":"publish","type":"post","link":"https:\/\/plazajuarez.mx\/historico\/canelo_alvarez-4\/","title":{"rendered":"&#8220;Canelo&#8221; \u00c1lvarez habr\u00eda corrido a Grupo Firme de la fiesta de su hija"},"content":{"rendered":"\n<p> Los XV a\u00f1os de Emily, la hija mayor de Sa\u00fal &#8220;Canelo&#8221; \u00c1lvarez no han pasado por desapercibidos para nadie, pues adem\u00e1s del lujo y las celebridades que estuvieron presentes durante la celebraci\u00f3n, ha salido a la luz un momento de tensi\u00f3n que habr\u00eda ocurrido entre el padre de la quincea\u00f1era y dos de los artistas m\u00e1s importantes del g\u00e9nero regional: Car\u00edn Le\u00f3n y Grupo Firme.<\/p>\n\n\n\n<p>Recordemos que Eduin Caz y compa\u00f1\u00eda no s\u00f3lo asistieron como invitados, tambi\u00e9n estuvieron amenizando la fiesta y poniendo el ambiente; mismo caso de Le\u00f3n, quien hizo una excepci\u00f3n por el boxeador, ya que no suele dar shows privados.<\/p>\n\n\n\n<p>Aunque al principio todo iba de maravilla, entrada la noche el alcohol habr\u00eda hecho de las suyas en Sa\u00fal y en un momento de enojo decidi\u00f3 echar del lugar a la agrupaci\u00f3n originaria de Tijuana: &#8220;\u2018Canelo\u2019 corri\u00f3 a Grupo Firme y a Car\u00edn de la fiesta, porque ya estaba entonado, estaba ya entonado y estaba muy terco. \u00c9l era la atenci\u00f3n en la fiesta en vez de la ni\u00f1a&#8221;, asegur\u00f3 la influencer Chamonic durante su programa en la estaci\u00f3n de radio La Mejor.<\/p>\n\n\n\n<p>Seg\u00fan el relato de la tambi\u00e9n periodista, al &#8220;Canelo&#8221; se le pasaron las copas a tal grado de que se puso a discutir con los m\u00fasicos y hasta los ofendi\u00f3: &#8220;Empieza a cantar Grupo Firme y les dijo: &#8220;Se me van a la \u2026 porque ya me hartaron. Y con Car\u00edn, dicen que se le enfrenta y le dijo feo: \u2018Saben que la mitad de los que est\u00e1n aqu\u00ed son una bola de golleteros. Muy feo que se le pasaron las copas y de comport\u00f3 muy feo&#8221;, agreg\u00f3.<\/p>\n\n\n\n<p>Incluso, revel\u00f3 que existe un video de la acalorada discusi\u00f3n que pronto saldr\u00e1 a la luz, sin embargo, hasta el momento no se han dado a conocer las im\u00e1genes.<\/p>\n\n\n\n<p>Por su parte, Caz public\u00f3 varias im\u00e1genes junto al boxeador en las que aparecen compartiendo algunos tragos, risas y hasta abrazos, lo que pondr\u00eda en duda la versi\u00f3n de un pleito entre ambos.<\/p>\n","protected":false},"excerpt":{"rendered":"<p>Los XV a\u00f1os de Emily, la hija mayor de Sa\u00fal &#8220;Canelo&#8221; \u00c1lvarez no han pasado por desapercibidos para nadie, pues adem\u00e1s del lujo y las celebridades que estuvieron presentes durante la celebraci\u00f3n, ha salido a la luz un momento de tensi\u00f3n que habr\u00eda ocurrido entre el padre de la quincea\u00f1era y dos de los artistas [&hellip;]<\/p>\n","protected":false},"author":81,"featured_media":234582,"comment_status":"closed","ping_status":"closed","sticky":false,"template":"","format":"standard","meta":{"footnotes":""},"categories":[39,38],"tags":[],"class_list":["post-234581","post","type-post","status-publish","format-standard","has-post-thumbnail","hentry","category-deportiva","category-show"],"_links":{"self":[{"href":"https:\/\/plazajuarez.mx\/historico\/wp-json\/wp\/v2\/posts\/234581","targetHints":{"allow":["GET"]}}],"collection":[{"href":"https:\/\/plazajuarez.mx\/historico\/wp-json\/wp\/v2\/posts"}],"about":[{"href":"https:\/\/plazajuarez.mx\/historico\/wp-json\/wp\/v2\/types\/post"}],"author":[{"embeddable":true,"href":"https:\/\/plazajuarez.mx\/historico\/wp-json\/wp\/v2\/users\/81"}],"replies":[{"embeddable":true,"href":"https:\/\/plazajuarez.mx\/historico\/wp-json\/wp\/v2\/comments?post=234581"}],"version-history":[{"count":0,"href":"https:\/\/plazajuarez.mx\/historico\/wp-json\/wp\/v2\/posts\/234581\/revisions"}],"wp:featuredmedia":[{"embeddable":true,"href":"https:\/\/plazajuarez.mx\/historico\/wp-json\/wp\/v2\/media\/234582"}],"wp:attachment":[{"href":"https:\/\/plazajuarez.mx\/historico\/wp-json\/wp\/v2\/media?parent=234581"}],"wp:term":[{"taxonomy":"category","embeddable":true,"href":"https:\/\/plazajuarez.mx\/historico\/wp-json\/wp\/v2\/categories?post=234581"},{"taxonomy":"post_tag","embeddable":true,"href":"https:\/\/plazajuarez.mx\/historico\/wp-json\/wp\/v2\/tags?post=234581"}],"curies":[{"name":"wp","href":"https:\/\/api.w.org\/{rel}","templated":true}]}}