{"id":2345,"date":"2015-03-16T06:00:00","date_gmt":"2015-03-16T06:00:00","guid":{"rendered":"http:\/\/plazajuarez.mx\/index\/index.php\/2015\/03\/16\/brasil-sale-a-la-calle-contra-la-politica-de-dilma-rousseff\/"},"modified":"2015-03-16T06:00:00","modified_gmt":"2015-03-16T06:00:00","slug":"brasil-sale-a-la-calle-contra-la-politica-de-dilma-rousseff","status":"publish","type":"post","link":"https:\/\/plazajuarez.mx\/historico\/brasil-sale-a-la-calle-contra-la-politica-de-dilma-rousseff\/","title":{"rendered":"Brasil sale a la calle contra la  pol\u00edtica de Dilma Rousseff"},"content":{"rendered":"<p>En el vest\u00edbulo de la estaci\u00f3n del metro Faria Lima, en S\u00e3o Paulo, al lado de la ventanilla de los billetes, una se\u00f1ora de unos 50 a\u00f1os vestida con la camiseta amarilla de la selecci\u00f3n brasile\u00f1a enarbola un cartel en el que arremete contra la corrupci\u00f3n de Petrobras, la marcha de la econom\u00eda y, sobre todo, contra la -a su juicio- culpable de todo, la presidenta de Brasil, Dilma Rousseff. No dice nada. No grita nada. Ni siquiera se mueve hacia el and\u00e9n. Solo muestra el cartel. Un hombre de la misma edad vestido con ropas m\u00e1s pobres, de una clase social m\u00e1s baja, se dirige a ella y le dice: \u201cDilma no se va a ir porque ella no rob\u00f3\u201d.<\/p>\n<p>  <!--more-->  <\/p>\n<p>\u00a0<\/p>\n<p>La se\u00f1ora del cartel mira al hombre y no le contesta, sigue muda con el cartel extendido durante un rato, con el gesto de alguien muy enfadado. Se llama Liliana, es psic\u00f3loga. \u201cDilma nos ha mentido. Pinta un pa\u00eds de color de rosa en la televisi\u00f3n. Dijo una cosa en la campa\u00f1a, y ahora hace otra. Sube los impuestos. Y la luz. Y la educaci\u00f3n sigue muy mal, y el transporte, y todo. Me gustar\u00eda vivir en el pa\u00eds que ella describe. No pido su destituci\u00f3n. Pido que diga la verdad\u201d. Despu\u00e9s, Liliana enrolla el cartel y se suma al r\u00edo inmenso de manifestantes que se dirige a la l\u00ednea que lleva a la Avenida Paulista, en el coraz\u00f3n de S\u00e3o Paulo, epicentro de la protesta contra Rousseff y su partido, el PT, en todo el pa\u00eds.<\/p>\n<p>Un mill\u00f3n de personas solo en S\u00e3o Paulo, seg\u00fan la polic\u00eda, y 210.000 seg\u00fan el sistema de medici\u00f3n utilizado por el diario A Folha de S\u00e3o Paulo, a las que hay que sumar varias decenas de miles m\u00e1s repartidas por todo Brasil, salieron el domingo a la calle para gritar, sobre todo, \u201cFuera Dilma\u201d. La de S\u00e3o Paulo constituye la m\u00e1s multitudinaria de la democracia brasile\u00f1a. Muchos, como la psic\u00f3loga del cartel, no piden directamente la destituci\u00f3n parlamentaria de la presidenta \u2014origen remoto de la protesta\u2014 sino que buscan expresar un rechazo a la marcha de un pa\u00eds y a la actitud de una presidenta.<\/p>\n<p>Los manifestantes que este domingo abarrotaron la principal avenida de S\u00e3o Paulo pertenecen a las clases medias m\u00e1s educadas, mejor preparadas y m\u00e1s informadas del pa\u00eds. Son m\u00e9dicos, profesores, inform\u00e1ticos, vendedores, due\u00f1os de comercios, abogados propietarios de negocios o estudiantes, entre otros. La inmensa mayor\u00eda vest\u00eda la camiseta de la selecci\u00f3n nacional de f\u00fatbol y muchos se envolv\u00edan en banderas brasile\u00f1as. Se quejaron de que el pa\u00eds coquetee con la recesi\u00f3n, se quejaron a\u00fan m\u00e1s de que el Gobierno haya subido los impuestos, haya ordenado recortes y haya engordado las tasas de la gasolina y de la luz. Pero, sobre todo, se quejaron de que la presidenta les ignore: \u201cEn el discurso del domingo pasado Rousseff dijo que la culpa de la crisis la tienen los otros pa\u00edses, no asumi\u00f3 sus culpas de la corrupci\u00f3n y dijo que hab\u00eda que hacer recortes cuando en la campa\u00f1a electoral ni los hab\u00eda mencionado. Nos toma por tontos. Y eso no\u201d, dec\u00eda Jos\u00e9 Arm\u00e9nio, un vendedor de material quir\u00fargico de 35 a\u00f1os. (Agencias)<\/p>\n","protected":false},"excerpt":{"rendered":"<p>En el vest\u00edbulo de la estaci\u00f3n del metro Faria Lima, en S\u00e3o Paulo, al lado de la ventanilla de los billetes, una se\u00f1ora de unos 50 a\u00f1os vestida con la camiseta amarilla de la selecci\u00f3n brasile\u00f1a enarbola un cartel en el que arremete contra la corrupci\u00f3n de Petrobras, la marcha de la econom\u00eda y, sobre [&hellip;]<\/p>\n","protected":false},"author":93,"featured_media":0,"comment_status":"open","ping_status":"open","sticky":false,"template":"","format":"standard","meta":{"footnotes":""},"categories":[31],"tags":[],"class_list":["post-2345","post","type-post","status-publish","format-standard","hentry","category-orbe"],"_links":{"self":[{"href":"https:\/\/plazajuarez.mx\/historico\/wp-json\/wp\/v2\/posts\/2345","targetHints":{"allow":["GET"]}}],"collection":[{"href":"https:\/\/plazajuarez.mx\/historico\/wp-json\/wp\/v2\/posts"}],"about":[{"href":"https:\/\/plazajuarez.mx\/historico\/wp-json\/wp\/v2\/types\/post"}],"author":[{"embeddable":true,"href":"https:\/\/plazajuarez.mx\/historico\/wp-json\/wp\/v2\/users\/93"}],"replies":[{"embeddable":true,"href":"https:\/\/plazajuarez.mx\/historico\/wp-json\/wp\/v2\/comments?post=2345"}],"version-history":[{"count":0,"href":"https:\/\/plazajuarez.mx\/historico\/wp-json\/wp\/v2\/posts\/2345\/revisions"}],"wp:attachment":[{"href":"https:\/\/plazajuarez.mx\/historico\/wp-json\/wp\/v2\/media?parent=2345"}],"wp:term":[{"taxonomy":"category","embeddable":true,"href":"https:\/\/plazajuarez.mx\/historico\/wp-json\/wp\/v2\/categories?post=2345"},{"taxonomy":"post_tag","embeddable":true,"href":"https:\/\/plazajuarez.mx\/historico\/wp-json\/wp\/v2\/tags?post=2345"}],"curies":[{"name":"wp","href":"https:\/\/api.w.org\/{rel}","templated":true}]}}