{"id":234475,"date":"2022-10-18T09:19:06","date_gmt":"2022-10-18T14:19:06","guid":{"rendered":"https:\/\/plazajuarez.mx\/?p=234475"},"modified":"2022-10-18T09:19:12","modified_gmt":"2022-10-18T14:19:12","slug":"el-cancer-de-mama-detectado-oportunamente-es-curable","status":"publish","type":"post","link":"https:\/\/plazajuarez.mx\/historico\/el-cancer-de-mama-detectado-oportunamente-es-curable\/","title":{"rendered":"\u201cEl c\u00e1ncer de mama detectado oportunamente, es curable\u201d"},"content":{"rendered":"\n<p>\u201cLos factores de riesgo para que una mujer padezca de c\u00e1ncer de mama est\u00e1n relacionados a la edad, alimentaci\u00f3n, actividad f\u00edsica, el consumo de alcohol y tabaco, y la simple raz\u00f3n de ser mujer\u201d, as\u00ed lo declar\u00f3 Katia V\u00e1zquez Guzm\u00e1n, Directora General de la Unidad M\u00e9dica Especializada para la Detecci\u00f3n y Diagn\u00f3stico de C\u00e1ncer de Mama (UNEME-DEDICAM).<\/p>\n\n\n\n<p>En entrevista para Al Aire, noticiario producido por <em>Diario Plaza Ju\u00e1rez<\/em>, V\u00e1zquez Guzm\u00e1n recalc\u00f3 la importancia de la identificaci\u00f3n temprana del c\u00e1ncer de mama, donde mujeres de todas las edades deben revisar sus mamas, tanto la piel, como el pez\u00f3n y su contorno, ante cualquier cambio deber\u00e1n dirigirse al centro de salud m\u00e1s cercano para ser derivadas y canalizadas a alg\u00fan centro oncol\u00f3gico.<\/p>\n\n\n\n<p>\u201cSi una paciente tiene la sospecha de c\u00e1ncer de mama lo ideal es que se acerque a UNEME-DEDICAM que est\u00e1 aqu\u00ed en Pachuca o alguna de las unidades de mastograf\u00eda para iniciar su protocolo diagn\u00f3stico, una sospecha de c\u00e1ncer de mama puede ser un cambio en la mama o un estudio con resultado anormal, el diagn\u00f3stico de c\u00e1ncer de mama siempre es dado con el resultado de una biopsia\u201d, manifest\u00f3.<\/p>\n\n\n\n<p>Finalmente, V\u00e1zquez invit\u00f3 a que mujeres de 40 a\u00f1os en adelante que no tengan ninguna sospecha, no se conf\u00eden y acudan a alg\u00fan centro de salud u hospital para realizarse su mastograf\u00eda anual, \u201ccuando el c\u00e1ncer de mama ha pasado muchos a\u00f1os y sale de la mama, puede llegar a otros \u00f3rganos o tejidos y complicar la calidad de vida, el manejo y control es m\u00e1s complicado\u201d.<\/p>\n","protected":false},"excerpt":{"rendered":"<p>\u201cLos factores de riesgo para que una mujer padezca de c\u00e1ncer de mama est\u00e1n relacionados a la edad, alimentaci\u00f3n, actividad f\u00edsica, el consumo de alcohol y tabaco, y la simple raz\u00f3n de ser mujer\u201d, as\u00ed lo declar\u00f3 Katia V\u00e1zquez Guzm\u00e1n, Directora General de la Unidad M\u00e9dica Especializada para la Detecci\u00f3n y Diagn\u00f3stico de C\u00e1ncer de [&hellip;]<\/p>\n","protected":false},"author":93,"featured_media":234476,"comment_status":"closed","ping_status":"closed","sticky":false,"template":"","format":"standard","meta":{"footnotes":""},"categories":[59,2159],"tags":[],"class_list":["post-234475","post","type-post","status-publish","format-standard","has-post-thumbnail","hentry","category-general","category-noticias-de-hidalgo"],"_links":{"self":[{"href":"https:\/\/plazajuarez.mx\/historico\/wp-json\/wp\/v2\/posts\/234475","targetHints":{"allow":["GET"]}}],"collection":[{"href":"https:\/\/plazajuarez.mx\/historico\/wp-json\/wp\/v2\/posts"}],"about":[{"href":"https:\/\/plazajuarez.mx\/historico\/wp-json\/wp\/v2\/types\/post"}],"author":[{"embeddable":true,"href":"https:\/\/plazajuarez.mx\/historico\/wp-json\/wp\/v2\/users\/93"}],"replies":[{"embeddable":true,"href":"https:\/\/plazajuarez.mx\/historico\/wp-json\/wp\/v2\/comments?post=234475"}],"version-history":[{"count":0,"href":"https:\/\/plazajuarez.mx\/historico\/wp-json\/wp\/v2\/posts\/234475\/revisions"}],"wp:featuredmedia":[{"embeddable":true,"href":"https:\/\/plazajuarez.mx\/historico\/wp-json\/wp\/v2\/media\/234476"}],"wp:attachment":[{"href":"https:\/\/plazajuarez.mx\/historico\/wp-json\/wp\/v2\/media?parent=234475"}],"wp:term":[{"taxonomy":"category","embeddable":true,"href":"https:\/\/plazajuarez.mx\/historico\/wp-json\/wp\/v2\/categories?post=234475"},{"taxonomy":"post_tag","embeddable":true,"href":"https:\/\/plazajuarez.mx\/historico\/wp-json\/wp\/v2\/tags?post=234475"}],"curies":[{"name":"wp","href":"https:\/\/api.w.org\/{rel}","templated":true}]}}