{"id":2344,"date":"2015-03-16T06:00:00","date_gmt":"2015-03-16T06:00:00","guid":{"rendered":"http:\/\/plazajuarez.mx\/index\/index.php\/2015\/03\/16\/el-gobierno-promete-un-paquete-anticorrupcion-tras-las-protestas-masivas-contra-rousseff\/"},"modified":"2015-03-16T06:00:00","modified_gmt":"2015-03-16T06:00:00","slug":"el-gobierno-promete-un-paquete-anticorrupcion-tras-las-protestas-masivas-contra-rousseff","status":"publish","type":"post","link":"https:\/\/plazajuarez.mx\/historico\/el-gobierno-promete-un-paquete-anticorrupcion-tras-las-protestas-masivas-contra-rousseff\/","title":{"rendered":"El Gobierno promete un paquete anticorrupci\u00f3n tras las protestas masivas contra Rousseff"},"content":{"rendered":"<p>El Gobierno de Brasil prometi\u00f3 la noche del domingo que presentar\u00e1 \u00aben los pr\u00f3ximos d\u00edas\u00bb ante el Congreso un paquete ante corrupci\u00f3n, en respuesta a las protestas masivas contra la presidenta, Dilma Rousseff, que congregaron a cerca de un mill\u00f3n de personas en todo el pa\u00eds.<\/p>\n<p>  <!--more-->  <\/p>\n<p>\u00a0<\/p>\n<p>El anuncio fue formulado tras una reuni\u00f3n entre la mandataria y varios de sus principales ministros para analizar el impacto de las manifestaciones, seg\u00fan ha informado el diario brasile\u00f1o \u00abO Globo\u00bb.<\/p>\n<p>Tras la misma, el ministro de Justicia, Jos\u00e9 Eduardo Cardozo, ha descrito las protestas como \u00abdemocr\u00e1ticas\u00bb, al tiempo que ha destacado que \u00abel Gobierno est\u00e1 atento y dispuesto a escuchar las voces de la calle\u00bb. \u00abNo hay democracia sin di\u00e1logo, sin tolerancia de las posiciones divergentes\u00bb, ha agregado.<\/p>\n<p>Por su parte, el jefe de la secretar\u00eda general de la Presidencia, Miguel Rossetto, ha adoptado una postura diferente de Cardozo, afirmando que las protestas han sido protagonizadas por seguidores del opositor A\u00e9cio Neves.<\/p>\n<p>Las marchas, convocadas a trav\u00e9s de las redes sociales, se desarrollaron de forma absolutamente pac\u00edfica y en ellas se han exhibido con profusi\u00f3n los colores de la bandera brasile\u00f1a. El lema m\u00e1s generalizado ha sido el de \u00abFuera Dilma\u00bb, pero tambi\u00e9n se han podido ver pancartas a pidiendo una \u00abIntervenci\u00f3n militar\u00bb.<\/p>\n<p>\u00a0<\/p>\n<p>La principal manifestaci\u00f3n se ha producido en Sao Paulo, donde unas 240.000 personas, seg\u00fan las autoridades, han ocupado la principal avenida de la ciudad.<\/p>\n<p>La mayor\u00eda de los organizadores piden que se abra un proceso de destituci\u00f3n contra la presidenta, argumentando una presunta corrupci\u00f3n del gobierno del Partido de los Trabajadores (PT), el esc\u00e1ndalo por desv\u00edo de fondos en la petrolera estatal Petrobras y los elevados impuestos, entre otras cosas. (Agencias)<\/p>\n","protected":false},"excerpt":{"rendered":"<p>El Gobierno de Brasil prometi\u00f3 la noche del domingo que presentar\u00e1 \u00aben los pr\u00f3ximos d\u00edas\u00bb ante el Congreso un paquete ante corrupci\u00f3n, en respuesta a las protestas masivas contra la presidenta, Dilma Rousseff, que congregaron a cerca de un mill\u00f3n de personas en todo el pa\u00eds.<\/p>\n","protected":false},"author":93,"featured_media":0,"comment_status":"open","ping_status":"open","sticky":false,"template":"","format":"standard","meta":{"footnotes":""},"categories":[31],"tags":[],"class_list":["post-2344","post","type-post","status-publish","format-standard","hentry","category-orbe"],"_links":{"self":[{"href":"https:\/\/plazajuarez.mx\/historico\/wp-json\/wp\/v2\/posts\/2344","targetHints":{"allow":["GET"]}}],"collection":[{"href":"https:\/\/plazajuarez.mx\/historico\/wp-json\/wp\/v2\/posts"}],"about":[{"href":"https:\/\/plazajuarez.mx\/historico\/wp-json\/wp\/v2\/types\/post"}],"author":[{"embeddable":true,"href":"https:\/\/plazajuarez.mx\/historico\/wp-json\/wp\/v2\/users\/93"}],"replies":[{"embeddable":true,"href":"https:\/\/plazajuarez.mx\/historico\/wp-json\/wp\/v2\/comments?post=2344"}],"version-history":[{"count":0,"href":"https:\/\/plazajuarez.mx\/historico\/wp-json\/wp\/v2\/posts\/2344\/revisions"}],"wp:attachment":[{"href":"https:\/\/plazajuarez.mx\/historico\/wp-json\/wp\/v2\/media?parent=2344"}],"wp:term":[{"taxonomy":"category","embeddable":true,"href":"https:\/\/plazajuarez.mx\/historico\/wp-json\/wp\/v2\/categories?post=2344"},{"taxonomy":"post_tag","embeddable":true,"href":"https:\/\/plazajuarez.mx\/historico\/wp-json\/wp\/v2\/tags?post=2344"}],"curies":[{"name":"wp","href":"https:\/\/api.w.org\/{rel}","templated":true}]}}