{"id":234354,"date":"2022-10-17T09:53:08","date_gmt":"2022-10-17T14:53:08","guid":{"rendered":"https:\/\/plazajuarez.mx\/?p=234354"},"modified":"2022-10-17T09:53:14","modified_gmt":"2022-10-17T14:53:14","slug":"apapacho-canadiense","status":"publish","type":"post","link":"https:\/\/plazajuarez.mx\/historico\/apapacho-canadiense\/","title":{"rendered":"Apapacho canadiense"},"content":{"rendered":"\n<h2 class=\"wp-block-heading\">CINE DE MA\u00d1ANA<\/h2>\n\n\n\n<p class=\"wp-block-paragraph\">Luego de la espl\u00e9ndida VII Muestra de Cine de Quebec, recientemente exhibida en la Cineteca Nacional, nos sorprendi\u00f3 el anuncio de la premier de<em> Apapacho<\/em>, coproducci\u00f3n mexicana-quebequense y que es el octavo largometraje de la directora Marquise Lepage.<\/p>\n\n\n\n<p class=\"wp-block-paragraph\">La cinta tiene tintes personales de la directora y narra la historia de Karine (Laurence Leboeuf) y su hermana Estelle (Fanny Mallette) quienes viajan a un peque\u00f1o pueblo oaxaque\u00f1o de vacaciones.<\/p>\n\n\n\n<p class=\"wp-block-paragraph\">La intenci\u00f3n de Karine es encontrarse con su amiga Rosa (Sof\u00eda Espinosa) una artista a quien conoci\u00f3 en Nueva York, y celebrar el D\u00eda de Muertos para honrar a su hermana Liliane (Eugenie Beaudry), quien se suicid\u00f3 recientemente.<\/p>\n\n\n\n<p class=\"wp-block-paragraph\">En el curso de su estancia en el lugar, Estelle le revelar\u00e1 que tambi\u00e9n su padre se suicid\u00f3 (Gabriel Sabourin) y tratar\u00e1n de sanar sus heridas con un apapacho al alma.<\/p>\n\n\n\n<p class=\"wp-block-paragraph\">A diferencia de la mayor parte de directores extranjeros que filman en nuestro pa\u00eds la directora de <em>Sexo, ternura y caricias para un cuerpo enfermo<\/em>, tiene una visi\u00f3n m\u00e1s respetuosa de nuestras tradiciones y no hace un turismo f\u00edlmico, sino que respeta las costumbres y hasta forma parte de ellas.Ante la ola comercial del Halloween, resulta una bocanada de aire fresco ver un filme como <em>Apapacho<\/em>, que rescata una tradici\u00f3n tan mexicana como el d\u00eda de muertos.<\/p>\n","protected":false},"excerpt":{"rendered":"<p>CINE DE MA\u00d1ANA Luego de la espl\u00e9ndida VII Muestra de Cine de Quebec, recientemente exhibida en la Cineteca Nacional, nos sorprendi\u00f3 el anuncio de la premier de Apapacho, coproducci\u00f3n mexicana-quebequense y que es el octavo largometraje de la directora Marquise Lepage. La cinta tiene tintes personales de la directora y narra la historia de Karine [&hellip;]<\/p>\n","protected":false},"author":96,"featured_media":234355,"comment_status":"closed","ping_status":"closed","sticky":false,"template":"","format":"standard","meta":{"footnotes":""},"categories":[54,42],"tags":[],"class_list":["post-234354","post","type-post","status-publish","format-standard","has-post-thumbnail","hentry","category-jorge-carrasco","category-nuestrapalabra"],"_links":{"self":[{"href":"https:\/\/plazajuarez.mx\/historico\/wp-json\/wp\/v2\/posts\/234354","targetHints":{"allow":["GET"]}}],"collection":[{"href":"https:\/\/plazajuarez.mx\/historico\/wp-json\/wp\/v2\/posts"}],"about":[{"href":"https:\/\/plazajuarez.mx\/historico\/wp-json\/wp\/v2\/types\/post"}],"author":[{"embeddable":true,"href":"https:\/\/plazajuarez.mx\/historico\/wp-json\/wp\/v2\/users\/96"}],"replies":[{"embeddable":true,"href":"https:\/\/plazajuarez.mx\/historico\/wp-json\/wp\/v2\/comments?post=234354"}],"version-history":[{"count":0,"href":"https:\/\/plazajuarez.mx\/historico\/wp-json\/wp\/v2\/posts\/234354\/revisions"}],"wp:featuredmedia":[{"embeddable":true,"href":"https:\/\/plazajuarez.mx\/historico\/wp-json\/wp\/v2\/media\/234355"}],"wp:attachment":[{"href":"https:\/\/plazajuarez.mx\/historico\/wp-json\/wp\/v2\/media?parent=234354"}],"wp:term":[{"taxonomy":"category","embeddable":true,"href":"https:\/\/plazajuarez.mx\/historico\/wp-json\/wp\/v2\/categories?post=234354"},{"taxonomy":"post_tag","embeddable":true,"href":"https:\/\/plazajuarez.mx\/historico\/wp-json\/wp\/v2\/tags?post=234354"}],"curies":[{"name":"wp","href":"https:\/\/api.w.org\/{rel}","templated":true}]}}