{"id":2342,"date":"2015-03-16T06:00:00","date_gmt":"2015-03-16T06:00:00","guid":{"rendered":"http:\/\/plazajuarez.mx\/index\/index.php\/2015\/03\/16\/se-deslinda-prd-de-las-manifestaciones-y-bloqueos-carreteros-recientes\/"},"modified":"2015-03-16T06:00:00","modified_gmt":"2015-03-16T06:00:00","slug":"se-deslinda-prd-de-las-manifestaciones-y-bloqueos-carreteros-recientes","status":"publish","type":"post","link":"https:\/\/plazajuarez.mx\/historico\/se-deslinda-prd-de-las-manifestaciones-y-bloqueos-carreteros-recientes\/","title":{"rendered":"Se deslinda PRD de las manifestaciones  Y bloqueos carreteros recientes"},"content":{"rendered":"<p><strong>Ixmiquilpan<\/strong><\/p>\n<ul>\n<li><strong><strong>Aclara que se han realizado a t\u00edtulo personal<\/strong><\/strong> <!--more--> <\/li>\n<\/ul>\n<p>El Partido de la Revoluci\u00f3n Democr\u00e1tica (PRD), es ajeno a las manifestaciones que se han realizado en los \u00faltimos d\u00edas por parte del dirigente, Pascual Charrez Pedraza, quien no ha consensuado al interior para este tipo de acciones, sostuvo el secretario general de este instituto pol\u00edtico en Ixmiquilpan, Guillermo Hern\u00e1ndez Nube.<\/p>\n<p>Las manifestaciones y bloqueos en las carreteras, las ha realizado Pascual Charrez\u00a0 a t\u00edtulo personal, promoviendo estas acciones a trav\u00e9s de SION, la organizaci\u00f3n que \u00e9l encabeza, pero hasta ahora no ha tomado en cuenta a los perredistas, sostuvo.<\/p>\n<p>Sin embargo, sostuvo que esas acciones se tuvieron que tomar porque un sector del cabildo se negaba a sesionar y era necesario que varios proyectos e inversiones federales, se aprobaran en la asamblea municipal.<\/p>\n<p>Aunque consider\u00f3 que fondo del conflicto es interno entre los regidores y el ejecutivo, culp\u00f3 al gobierno del estado de ser el responsable de buscar que se incrementen los conflictos en Ixmiquilpan, que se agudicen las diferencias pol\u00edticas.<\/p>\n<p>Afirm\u00f3, que el gobierno de Hidalgo, ha influido directamente en los nueve regidores que conforman el bloque opositor al interior del cabildo y que se hab\u00edan negado a sesionar debido a las diferencias pol\u00edticas con el alcalde panista.<\/p>\n<p>Lament\u00f3 que la sociedad civil, as\u00ed como empresarios unificados, principalmente los del ramo de aguas termales, hayan anunciado la decisi\u00f3n de intervenir en caso de registrarse un nuevo bloqueo carretero.<\/p>\n<p>Dijo que ser\u00eda lamentable que un hecho violento de esta naturaleza se registrara, debido a que Ixmiquilpan est\u00e1 da\u00f1ado en todos sus sectores debido a las constantes manifestaciones sociales, \u201cuna m\u00e1s como la anunciada por los balnearios y parques acu\u00e1ticos, agudizar\u00eda los problemas\u201d.<\/p>\n<p>Sin embargo, responsabiliz\u00f3 al gobierno del estado, de ser el culpable del envilecimiento en Ixmiquilpan, debido a que es la autoridad estatal, la m\u00e1s interesada en que se incrementen los conflictos dentro del municipio.<\/p>\n","protected":false},"excerpt":{"rendered":"<p>Ixmiquilpan Aclara que se han realizado a t\u00edtulo personal<\/p>\n","protected":false},"author":93,"featured_media":0,"comment_status":"open","ping_status":"open","sticky":false,"template":"","format":"standard","meta":{"footnotes":""},"categories":[40],"tags":[],"class_list":["post-2342","post","type-post","status-publish","format-standard","hentry","category-region"],"_links":{"self":[{"href":"https:\/\/plazajuarez.mx\/historico\/wp-json\/wp\/v2\/posts\/2342","targetHints":{"allow":["GET"]}}],"collection":[{"href":"https:\/\/plazajuarez.mx\/historico\/wp-json\/wp\/v2\/posts"}],"about":[{"href":"https:\/\/plazajuarez.mx\/historico\/wp-json\/wp\/v2\/types\/post"}],"author":[{"embeddable":true,"href":"https:\/\/plazajuarez.mx\/historico\/wp-json\/wp\/v2\/users\/93"}],"replies":[{"embeddable":true,"href":"https:\/\/plazajuarez.mx\/historico\/wp-json\/wp\/v2\/comments?post=2342"}],"version-history":[{"count":0,"href":"https:\/\/plazajuarez.mx\/historico\/wp-json\/wp\/v2\/posts\/2342\/revisions"}],"wp:attachment":[{"href":"https:\/\/plazajuarez.mx\/historico\/wp-json\/wp\/v2\/media?parent=2342"}],"wp:term":[{"taxonomy":"category","embeddable":true,"href":"https:\/\/plazajuarez.mx\/historico\/wp-json\/wp\/v2\/categories?post=2342"},{"taxonomy":"post_tag","embeddable":true,"href":"https:\/\/plazajuarez.mx\/historico\/wp-json\/wp\/v2\/tags?post=2342"}],"curies":[{"name":"wp","href":"https:\/\/api.w.org\/{rel}","templated":true}]}}