{"id":234073,"date":"2022-10-15T09:11:28","date_gmt":"2022-10-15T14:11:28","guid":{"rendered":"https:\/\/plazajuarez.mx\/?p=234073"},"modified":"2022-10-15T09:11:34","modified_gmt":"2022-10-15T14:11:34","slug":"sentencian-a-sujeto-por-portacion-de-arma-de-fuego","status":"publish","type":"post","link":"https:\/\/plazajuarez.mx\/historico\/sentencian-a-sujeto-por-portacion-de-arma-de-fuego\/","title":{"rendered":"Sentencian a sujeto por portaci\u00f3n de arma de fuego"},"content":{"rendered":"\n<p>La Fiscal\u00eda General de la Rep\u00fablica (FGR) en Hidalgo, en procedimiento abreviado obtuvo de la Jueza Especializada en el Sistema de Justicia Penal Acusatorio, una sentencia condenatoria en contra de Beltr\u00e1n \u201cN\u201d, por haber resultado penalmente responsables en la comisi\u00f3n del delito de portaci\u00f3n de arma de fuego sin licencia, previsto y sancionado en la Ley Federal de Armas de Fuego y Explosivos.<\/p>\n\n\n\n<p>En la audiencia inicial se dict\u00f3 auto de vinculaci\u00f3n a proceso en contra de Beltr\u00e1n \u201cN\u201d, luego de haber sido detenido por elementos de la Agencia de Seguridad del Estado, al conducir de manera err\u00e1tica sobre carretera Federal M\u00e9xico-Laredo, a la altura de la localidad \u201cEl Pinalito\u201d, perteneciente al municipio de Jacala de Ledezma.<\/p>\n\n\n\n<p>Esta persona portaba un arma de fuego tipo pistola, calibre .380, auto, cinco cartuchos \u00fatiles calibre .380 y un cargador, sin contar con la autorizaci\u00f3n correspondiente, por lo que fue puesto a disposici\u00f3n de esta Representaci\u00f3n Social.<\/p>\n\n\n\n<p>Al contarse con los elementos suficientes de prueba, en el procedimiento abreviado la jueza determin\u00f3 una sentencia de dos a\u00f1os once meses de prisi\u00f3n, as\u00ed como el pago de una multa de nueve mil 140 pesos.<\/p>\n","protected":false},"excerpt":{"rendered":"<p>La Fiscal\u00eda General de la Rep\u00fablica (FGR) en Hidalgo, en procedimiento abreviado obtuvo de la Jueza Especializada en el Sistema de Justicia Penal Acusatorio, una sentencia condenatoria en contra de Beltr\u00e1n \u201cN\u201d, por haber resultado penalmente responsables en la comisi\u00f3n del delito de portaci\u00f3n de arma de fuego sin licencia, previsto y sancionado en la [&hellip;]<\/p>\n","protected":false},"author":93,"featured_media":234074,"comment_status":"closed","ping_status":"closed","sticky":false,"template":"","format":"standard","meta":{"footnotes":""},"categories":[37],"tags":[],"class_list":["post-234073","post","type-post","status-publish","format-standard","has-post-thumbnail","hentry","category-barandilla"],"_links":{"self":[{"href":"https:\/\/plazajuarez.mx\/historico\/wp-json\/wp\/v2\/posts\/234073","targetHints":{"allow":["GET"]}}],"collection":[{"href":"https:\/\/plazajuarez.mx\/historico\/wp-json\/wp\/v2\/posts"}],"about":[{"href":"https:\/\/plazajuarez.mx\/historico\/wp-json\/wp\/v2\/types\/post"}],"author":[{"embeddable":true,"href":"https:\/\/plazajuarez.mx\/historico\/wp-json\/wp\/v2\/users\/93"}],"replies":[{"embeddable":true,"href":"https:\/\/plazajuarez.mx\/historico\/wp-json\/wp\/v2\/comments?post=234073"}],"version-history":[{"count":0,"href":"https:\/\/plazajuarez.mx\/historico\/wp-json\/wp\/v2\/posts\/234073\/revisions"}],"wp:featuredmedia":[{"embeddable":true,"href":"https:\/\/plazajuarez.mx\/historico\/wp-json\/wp\/v2\/media\/234074"}],"wp:attachment":[{"href":"https:\/\/plazajuarez.mx\/historico\/wp-json\/wp\/v2\/media?parent=234073"}],"wp:term":[{"taxonomy":"category","embeddable":true,"href":"https:\/\/plazajuarez.mx\/historico\/wp-json\/wp\/v2\/categories?post=234073"},{"taxonomy":"post_tag","embeddable":true,"href":"https:\/\/plazajuarez.mx\/historico\/wp-json\/wp\/v2\/tags?post=234073"}],"curies":[{"name":"wp","href":"https:\/\/api.w.org\/{rel}","templated":true}]}}