{"id":233930,"date":"2022-10-14T09:16:13","date_gmt":"2022-10-14T14:16:13","guid":{"rendered":"https:\/\/plazajuarez.mx\/?p=233930"},"modified":"2022-10-14T09:16:19","modified_gmt":"2022-10-14T14:16:19","slug":"muere-el-poeta-y-narrador-alejandro-sandoval-avila","status":"publish","type":"post","link":"https:\/\/plazajuarez.mx\/historico\/muere-el-poeta-y-narrador-alejandro-sandoval-avila\/","title":{"rendered":"Muere el poeta y narrador Alejandro Sandoval \u00c1vila"},"content":{"rendered":"\n<p>El poeta, novelista y ensayista mexicano Alejandro Sandoval \u00c1vila, autor de libros como &#8220;Agua zarca&#8221;, &#8220;La llama y el torrente&#8221;, &#8220;Tercera menor&#8221;, &#8220;Trasiego&#8221; y &#8220;La justa fatiga&#8221;, y quien fuera presidente de la Asociaci\u00f3n de Escritores de M\u00e9xico y miembro del Consejo Directivo de la SOGEM, falleci\u00f3 esta ma\u00f1ana a los 65 a\u00f1os, seg\u00fan inform\u00f3 la Coordinaci\u00f3n de Literatura del Instituto Nacional de Bellas Artes y Literatura (INBAL).<\/p>\n\n\n\n<p>&#8220;Lamentamos el sensible deceso del escritor Alejandro Sandoval. Fue presidente de la Asociaci\u00f3n de Escritores de M\u00e9xico y miembro del Consejo Directivo de la SOGEM. Enviamos nuestras m\u00e1s sentidas condolencias a la escritora Marianne Toussaint, su esposa e hijas&#8221;, escribi\u00f3 Literatura del INBAL a trav\u00e9s de sus redes sociales.<\/p>\n\n\n\n<p>El tambi\u00e9n poeta y ex director general del INBAL, Sa\u00fal Ju\u00e1rez, tambi\u00e9n dio a conocer la noticia y lament\u00f3 la muerte del hijo del poeta V\u00edctor Sandoval, &#8220;Trist\u00edsima ma\u00f1ana, se adelant\u00f3 Alejandro Sandoval. Caen en cascada los tantos a\u00f1os, los tantos caminos, las tantas charlas. Don V\u00edctor estar\u00e1 cerca y entre ambos enviar\u00e1n fuerza a Marianne y tus hijas. Cielo claro para ti, Alejandro, tal como reza el escudo de tu tierra&#8221;, escribi\u00f3.<\/p>\n\n\n\n<p>Alejandro Sandoval \u00c1vila naci\u00f3 en la ciudad de Aguascalientes, el 23 de septiembre de 1957. Fue poeta, novelista y autor de libros para ni\u00f1os y j\u00f3venes. Estudi\u00f3 Filolog\u00eda Hisp\u00e1nica en la Universidad Central de Cuba. Textos suyos han aparecido en revistas y suplementos culturales de M\u00e9xico, Espa\u00f1a y Cuba, y se han realizado comentarios cr\u00edticos sobre su obra en publicaciones de Sudam\u00e9rica, Alemania y los Estados Unidos.<\/p>\n\n\n\n<p>Fue presidente de la Asociaci\u00f3n de Escritores de M\u00e9xico y miembro del Consejo Directivo de la SOGEM. Su obra para ni\u00f1os ha sido traducida al portugu\u00e9s y sus poemas al ingl\u00e9s. Premio Poes\u00eda Joven de M\u00e9xico 1974. Premio Nacional de Poes\u00eda Ram\u00f3n L\u00f3pez Velarde 1982 y el Premio El Barco de Vapor (literatura para ni\u00f1os) en 1997.<\/p>\n\n\n\n<p>Entre sus obras publicadas destaca &#8220;Autobiograf\u00eda: De cuerpo entero&#8221;, el libro colectivo de cuentos &#8220;Los siete pecados capitales&#8221;, el libro de ensayos &#8220;Las fronteras iniciales&#8221;, y las novelas &#8220;La justa fatiga&#8221;, &#8220;Piel de hormiga&#8221;, &#8220;La tolvanera&#8221;, &#8220;Playas del este&#8221;, &#8220;Sin muerte ni fulgor&#8221;, &#8220;Con el favor del viento&#8221; y &#8220;Destierro&#8221;.<\/p>\n\n\n\n<p>Su poes\u00eda est\u00e1 tambi\u00e9n en libros como &#8220;Esquina de doble fondo&#8221;, &#8220;Sobre el estado del tiempo&#8221;, &#8220;Los h\u00e9roes y los dem\u00e1s&#8221;; en tanto que entre sus libros para ni\u00f1os destacan: &#8220;Un elefante sin circo&#8221;, &#8220;La traves\u00eda de los elefantes&#8221;, &#8220;A traves\u00eda dos elefantes&#8221;, &#8220;Una mona en casa&#8221;, &#8220;Jer\u00f3nimo y su elefanta&#8221;, &#8220;Archibaldo&#8221;, &#8220;La noche es un tren&#8221;, &#8220;Como pollos&#8230; \u00bfy gatos?&#8221;, &#8220;Para despedir al abuelo&#8221; y &#8220;Ante la mirada de Juj\u00fa&#8221;.<\/p>\n","protected":false},"excerpt":{"rendered":"<p>El poeta, novelista y ensayista mexicano Alejandro Sandoval \u00c1vila, autor de libros como &#8220;Agua zarca&#8221;, &#8220;La llama y el torrente&#8221;, &#8220;Tercera menor&#8221;, &#8220;Trasiego&#8221; y &#8220;La justa fatiga&#8221;, y quien fuera presidente de la Asociaci\u00f3n de Escritores de M\u00e9xico y miembro del Consejo Directivo de la SOGEM, falleci\u00f3 esta ma\u00f1ana a los 65 a\u00f1os, seg\u00fan inform\u00f3 [&hellip;]<\/p>\n","protected":false},"author":81,"featured_media":233931,"comment_status":"closed","ping_status":"closed","sticky":false,"template":"","format":"standard","meta":{"footnotes":""},"categories":[38],"tags":[],"class_list":["post-233930","post","type-post","status-publish","format-standard","has-post-thumbnail","hentry","category-show"],"_links":{"self":[{"href":"https:\/\/plazajuarez.mx\/historico\/wp-json\/wp\/v2\/posts\/233930","targetHints":{"allow":["GET"]}}],"collection":[{"href":"https:\/\/plazajuarez.mx\/historico\/wp-json\/wp\/v2\/posts"}],"about":[{"href":"https:\/\/plazajuarez.mx\/historico\/wp-json\/wp\/v2\/types\/post"}],"author":[{"embeddable":true,"href":"https:\/\/plazajuarez.mx\/historico\/wp-json\/wp\/v2\/users\/81"}],"replies":[{"embeddable":true,"href":"https:\/\/plazajuarez.mx\/historico\/wp-json\/wp\/v2\/comments?post=233930"}],"version-history":[{"count":0,"href":"https:\/\/plazajuarez.mx\/historico\/wp-json\/wp\/v2\/posts\/233930\/revisions"}],"wp:featuredmedia":[{"embeddable":true,"href":"https:\/\/plazajuarez.mx\/historico\/wp-json\/wp\/v2\/media\/233931"}],"wp:attachment":[{"href":"https:\/\/plazajuarez.mx\/historico\/wp-json\/wp\/v2\/media?parent=233930"}],"wp:term":[{"taxonomy":"category","embeddable":true,"href":"https:\/\/plazajuarez.mx\/historico\/wp-json\/wp\/v2\/categories?post=233930"},{"taxonomy":"post_tag","embeddable":true,"href":"https:\/\/plazajuarez.mx\/historico\/wp-json\/wp\/v2\/tags?post=233930"}],"curies":[{"name":"wp","href":"https:\/\/api.w.org\/{rel}","templated":true}]}}