{"id":233922,"date":"2022-10-14T09:14:15","date_gmt":"2022-10-14T14:14:15","guid":{"rendered":"https:\/\/plazajuarez.mx\/?p=233922"},"modified":"2022-10-14T09:14:20","modified_gmt":"2022-10-14T14:14:20","slug":"francia-rechaza-el-proyecto-de-distribucion-de-gas-ruso","status":"publish","type":"post","link":"https:\/\/plazajuarez.mx\/historico\/francia-rechaza-el-proyecto-de-distribucion-de-gas-ruso\/","title":{"rendered":"Francia rechaza el proyecto de distribuci\u00f3n de gas ruso"},"content":{"rendered":"\n<p>(EFE).- Francia rechaz\u00f3 la iniciativa de Rusia de crear en Turqu\u00eda un centro de distribuci\u00f3n de gas ruso, ya que considera que no es necesaria y es &#8220;incompatible&#8221; con los objetivos a largo plazo de la Uni\u00f3n Europea (UE).<\/p>\n\n\n\n<p>Fuentes del El\u00edseo se\u00f1alaron que esa iniciativa &#8220;no tiene sentido&#8221; en un momento en el que los pa\u00edses europeos est\u00e1n intentando reducir su dependencia del petr\u00f3leo y el gas procedentes de Rusia.<\/p>\n\n\n\n<p>Adem\u00e1s, &#8220;es incompatible&#8221; con los objetivos de la UE de avanzar hacia su soberan\u00eda energ\u00e9tica y de abandonar los combustibles f\u00f3siles a largo plazo, a\u00f1adieron.<\/p>\n\n\n\n<p>Los presidentes de Rusia y Turqu\u00eda, Vlad\u00edmir Putin y Recep Tayyip Erdogan, discutieron esta iniciativa de Mosc\u00fa durante una reuni\u00f3n que mantuvieron en Astan\u00e1.<\/p>\n\n\n\n<p>Turqu\u00eda se ha mostrado &#8220;bastante interesada&#8221; en esa propuesta, afirm\u00f3 el Kremlin tras el encuentro.<\/p>\n","protected":false},"excerpt":{"rendered":"<p>(EFE).- Francia rechaz\u00f3 la iniciativa de Rusia de crear en Turqu\u00eda un centro de distribuci\u00f3n de gas ruso, ya que considera que no es necesaria y es &#8220;incompatible&#8221; con los objetivos a largo plazo de la Uni\u00f3n Europea (UE). Fuentes del El\u00edseo se\u00f1alaron que esa iniciativa &#8220;no tiene sentido&#8221; en un momento en el que [&hellip;]<\/p>\n","protected":false},"author":80,"featured_media":233923,"comment_status":"closed","ping_status":"closed","sticky":false,"template":"","format":"standard","meta":{"footnotes":""},"categories":[31],"tags":[],"class_list":["post-233922","post","type-post","status-publish","format-standard","has-post-thumbnail","hentry","category-orbe"],"_links":{"self":[{"href":"https:\/\/plazajuarez.mx\/historico\/wp-json\/wp\/v2\/posts\/233922","targetHints":{"allow":["GET"]}}],"collection":[{"href":"https:\/\/plazajuarez.mx\/historico\/wp-json\/wp\/v2\/posts"}],"about":[{"href":"https:\/\/plazajuarez.mx\/historico\/wp-json\/wp\/v2\/types\/post"}],"author":[{"embeddable":true,"href":"https:\/\/plazajuarez.mx\/historico\/wp-json\/wp\/v2\/users\/80"}],"replies":[{"embeddable":true,"href":"https:\/\/plazajuarez.mx\/historico\/wp-json\/wp\/v2\/comments?post=233922"}],"version-history":[{"count":0,"href":"https:\/\/plazajuarez.mx\/historico\/wp-json\/wp\/v2\/posts\/233922\/revisions"}],"wp:featuredmedia":[{"embeddable":true,"href":"https:\/\/plazajuarez.mx\/historico\/wp-json\/wp\/v2\/media\/233923"}],"wp:attachment":[{"href":"https:\/\/plazajuarez.mx\/historico\/wp-json\/wp\/v2\/media?parent=233922"}],"wp:term":[{"taxonomy":"category","embeddable":true,"href":"https:\/\/plazajuarez.mx\/historico\/wp-json\/wp\/v2\/categories?post=233922"},{"taxonomy":"post_tag","embeddable":true,"href":"https:\/\/plazajuarez.mx\/historico\/wp-json\/wp\/v2\/tags?post=233922"}],"curies":[{"name":"wp","href":"https:\/\/api.w.org\/{rel}","templated":true}]}}