{"id":233904,"date":"2022-10-14T08:09:00","date_gmt":"2022-10-14T13:09:00","guid":{"rendered":"https:\/\/plazajuarez.mx\/?p=233904"},"modified":"2022-10-14T09:10:14","modified_gmt":"2022-10-14T14:10:14","slug":"sepultaron-ayer-a-joven-migrante-ya-descansa-en-su-comunidad","status":"publish","type":"post","link":"https:\/\/plazajuarez.mx\/historico\/sepultaron-ayer-a-joven-migrante-ya-descansa-en-su-comunidad\/","title":{"rendered":"Sepultaron ayer a joven migrante; ya descansa en su comunidad\u00a0"},"content":{"rendered":"\n<p>San Salvador.- Ayer fueron sepultados los restos de Omar Reyes L\u00f3pez, el migrante originario de este municipio, que desde octubre del a\u00f1o pasado desapareci\u00f3 en el desierto de Chihuahua y fue hasta este mes que fue localizado.\u00a0<\/p>\n\n\n\n<p>Familiares, amigos y vecinos, acompa\u00f1aron el cortejo f\u00fanebre, que parti\u00f3 desde el barrio El Fresno con rumbo a la iglesia de la comunidad de Santa Mar\u00eda Amajac, en Salvador, donde fue sepultado en el pante\u00f3n del poblado.&nbsp;<\/p>\n\n\n\n<p>Su familia agradeci\u00f3 las muestras de afecto y apoyo que han recibido en los \u00faltimos d\u00edas, luego de conocerse el fallecimiento de Omar, pero tambi\u00e9n durante este a\u00f1o, en que ha sido una larga espera con la ilusi\u00f3n de localizarlo.&nbsp;<\/p>\n\n\n\n<p>Fue la semana pasada cuando la Fiscal\u00eda de Chihuahua, confirm\u00f3 a la familia que los restos del joven fueron ubicados. El lunes pasado, su familia viaj\u00f3 a ese estado para realizar los tr\u00e1mites de recuperaci\u00f3n de los restos y el mi\u00e9rcoles en la madrugada, llegaron en un vuelo comercial a la Ciudad de M\u00e9xico.&nbsp;<\/p>\n\n\n\n<p>Aunque su familia se ha mostrado consternada, han informado que tras ser localizado, encontraron paz y tranquilidad.<\/p>\n","protected":false},"excerpt":{"rendered":"<p>San Salvador.- Ayer fueron sepultados los restos de Omar Reyes L\u00f3pez, el migrante originario de este municipio, que desde octubre del a\u00f1o pasado desapareci\u00f3 en el desierto de Chihuahua y fue hasta este mes que fue localizado.\u00a0 Familiares, amigos y vecinos, acompa\u00f1aron el cortejo f\u00fanebre, que parti\u00f3 desde el barrio El Fresno con rumbo a [&hellip;]<\/p>\n","protected":false},"author":75,"featured_media":233905,"comment_status":"closed","ping_status":"closed","sticky":false,"template":"","format":"standard","meta":{"footnotes":""},"categories":[15,40],"tags":[],"class_list":["post-233904","post","type-post","status-publish","format-standard","has-post-thumbnail","hentry","category-destacadas","category-region"],"_links":{"self":[{"href":"https:\/\/plazajuarez.mx\/historico\/wp-json\/wp\/v2\/posts\/233904","targetHints":{"allow":["GET"]}}],"collection":[{"href":"https:\/\/plazajuarez.mx\/historico\/wp-json\/wp\/v2\/posts"}],"about":[{"href":"https:\/\/plazajuarez.mx\/historico\/wp-json\/wp\/v2\/types\/post"}],"author":[{"embeddable":true,"href":"https:\/\/plazajuarez.mx\/historico\/wp-json\/wp\/v2\/users\/75"}],"replies":[{"embeddable":true,"href":"https:\/\/plazajuarez.mx\/historico\/wp-json\/wp\/v2\/comments?post=233904"}],"version-history":[{"count":0,"href":"https:\/\/plazajuarez.mx\/historico\/wp-json\/wp\/v2\/posts\/233904\/revisions"}],"wp:featuredmedia":[{"embeddable":true,"href":"https:\/\/plazajuarez.mx\/historico\/wp-json\/wp\/v2\/media\/233905"}],"wp:attachment":[{"href":"https:\/\/plazajuarez.mx\/historico\/wp-json\/wp\/v2\/media?parent=233904"}],"wp:term":[{"taxonomy":"category","embeddable":true,"href":"https:\/\/plazajuarez.mx\/historico\/wp-json\/wp\/v2\/categories?post=233904"},{"taxonomy":"post_tag","embeddable":true,"href":"https:\/\/plazajuarez.mx\/historico\/wp-json\/wp\/v2\/tags?post=233904"}],"curies":[{"name":"wp","href":"https:\/\/api.w.org\/{rel}","templated":true}]}}