{"id":233854,"date":"2022-10-14T08:49:33","date_gmt":"2022-10-14T13:49:33","guid":{"rendered":"https:\/\/plazajuarez.mx\/?p=233854"},"modified":"2022-10-14T08:49:38","modified_gmt":"2022-10-14T13:49:38","slug":"esperar-2","status":"publish","type":"post","link":"https:\/\/plazajuarez.mx\/historico\/esperar-2\/","title":{"rendered":"ESPERAR"},"content":{"rendered":"\n<h2 class=\"wp-block-heading\">ALFIL NEGRO<\/h2>\n\n\n\n<p>Nuestra vida es esperar,<\/p>\n\n\n\n<p>Confiar que el d\u00eda de ma\u00f1ana<\/p>\n\n\n\n<p>Ser\u00e1 mejor que el de ahora,<\/p>\n\n\n\n<p>Que el sol saldr\u00e1 luminoso,<\/p>\n\n\n\n<p>Que el viento ser\u00e1 tibio y dulce,<\/p>\n\n\n\n<p>Que la salud ser\u00e1 buena<\/p>\n\n\n\n<p>El coraz\u00f3n fuerte y pleno<\/p>\n\n\n\n<p>Casi un martillo de acero.<\/p>\n\n\n\n<p>Esperar, confiar, creer,<\/p>\n\n\n\n<p>Que la voz de nuestra esposa<\/p>\n\n\n\n<p>Siga siendo para siempre,<\/p>\n\n\n\n<p>Una l\u00e1mpara que marque<\/p>\n\n\n\n<p>Los caminos de la marcha,<\/p>\n\n\n\n<p>Que la risa de los hijos<\/p>\n\n\n\n<p>Sigan llenando la casa,<\/p>\n\n\n\n<p>Siempre cerca, nunca lejos,<\/p>\n\n\n\n<p>Peque\u00f1itos en el alma<\/p>\n\n\n\n<p>Adultos ya en su camino,<\/p>\n\n\n\n<p>Pero siempre en nuestra mesa<\/p>\n\n\n\n<p>Un lugar que los espera<\/p>\n\n\n\n<p>Y un plato que los reclama.<\/p>\n\n\n\n<p>Esperar con lo que somos<\/p>\n\n\n\n<p>Cuando se enferman los hijos,<\/p>\n\n\n\n<p>Que ma\u00f1ana cuando llegue<\/p>\n\n\n\n<p>Otro d\u00eda de este camino<\/p>\n\n\n\n<p>Amanecer\u00e1n curados,<\/p>\n\n\n\n<p>Porque as\u00ed se lo pedimos<\/p>\n\n\n\n<p>Al Se\u00f1or de Tiber\u00edades<\/p>\n\n\n\n<p>Y a su madre bendita,<\/p>\n\n\n\n<p>Que entiende nuestras angustias,<\/p>\n\n\n\n<p>Porque es madre dolorosa<\/p>\n\n\n\n<p>Que entiende el amor de padres<\/p>\n\n\n\n<p>Y lo que se sufre en silencio<\/p>\n\n\n\n<p>Cuando los hijos se enferman.<\/p>\n\n\n\n<p>Esperar ya por la tarde<\/p>\n\n\n\n<p>Cuando se acaba la vida,<\/p>\n\n\n\n<p>Cuando los ojos se cansan<\/p>\n\n\n\n<p>Y los o\u00eddos nos fallan,<\/p>\n\n\n\n<p>Esperar que nuestra siembra<\/p>\n\n\n\n<p>De hombres buenos y sinceros,<\/p>\n\n\n\n<p>Tenga cosecha abundante<\/p>\n\n\n\n<p>De cari\u00f1o y oraciones.<\/p>\n\n\n\n<p>Esperar, siempre esperar,<\/p>\n\n\n\n<p>Confiar en mejores tiempos<\/p>\n\n\n\n<p>Que la noche no es eterna,<\/p>\n\n\n\n<p>Que lo que hoy nos lastima<\/p>\n\n\n\n<p>Pasar\u00e1 tarde o temprano,<\/p>\n\n\n\n<p>Y esas horas de angustia<\/p>\n\n\n\n<p>Que vivimos en pandemia,<\/p>\n\n\n\n<p>Ser\u00e1n s\u00f3lo un mal recuerdo<\/p>\n\n\n\n<p>Para contar por la tarde.<\/p>\n\n\n\n<p>Esperar en los andenes<\/p>\n\n\n\n<p>De la estaci\u00f3n de la vida,<\/p>\n\n\n\n<p>El retorno del hermano<\/p>\n\n\n\n<p>Que se march\u00f3 de repente,<\/p>\n\n\n\n<p>De nuestros padres benditos<\/p>\n\n\n\n<p>Que ya no est\u00e1n con nosotros,<\/p>\n\n\n\n<p>Y de amigos y parientes<\/p>\n\n\n\n<p>Que tambi\u00e9n se adelantaron,<\/p>\n\n\n\n<p>Y corriendo por la acera<\/p>\n\n\n\n<p>El regreso del peque\u00f1o,<\/p>\n\n\n\n<p>Del hijo que se nos fue,<\/p>\n\n\n\n<p>Y nos dej\u00f3 con el alma<\/p>\n\n\n\n<p>Y el coraz\u00f3n destrozado<\/p>\n\n\n\n<p>Para abrazarlo con fuerza<\/p>\n\n\n\n<p>Y nunca dejarlo ir.<\/p>\n\n\n\n<p>Esperar siempre esperar\u2026.<\/p>\n\n\n\n<p>Y ahora que ha pasado el tiempo<\/p>\n\n\n\n<p>Sentado junto al camino,<\/p>\n\n\n\n<p>Esperar con alegr\u00eda<\/p>\n\n\n\n<p>La hora de la partida,<\/p>\n\n\n\n<p>La gorra para la marcha<\/p>\n\n\n\n<p>Bien puesta para la senda,<\/p>\n\n\n\n<p>El coraz\u00f3n firme y fuerte<\/p>\n\n\n\n<p>Tranquilo por lo logrado,<\/p>\n\n\n\n<p>La libreta con las cuentas<\/p>\n\n\n\n<p>En las manos y en el alma,<\/p>\n\n\n\n<p>Y un salmo ya de salida<\/p>\n\n\n\n<p>\u201cH\u00e1gase, Se\u00f1or, tu voluntad,<\/p>\n\n\n\n<p>As\u00ed en la tierra como en el cielo\u201d.<\/p>\n\n\n\n<p>Esperar\u2026 siempre esperar.<\/p>\n","protected":false},"excerpt":{"rendered":"<p>ALFIL NEGRO Nuestra vida es esperar, Confiar que el d\u00eda de ma\u00f1ana Ser\u00e1 mejor que el de ahora, Que el sol saldr\u00e1 luminoso, Que el viento ser\u00e1 tibio y dulce, Que la salud ser\u00e1 buena El coraz\u00f3n fuerte y pleno Casi un martillo de acero. Esperar, confiar, creer, Que la voz de nuestra esposa Siga [&hellip;]<\/p>\n","protected":false},"author":83,"featured_media":208526,"comment_status":"closed","ping_status":"closed","sticky":false,"template":"","format":"standard","meta":{"footnotes":""},"categories":[48,42],"tags":[],"class_list":["post-233854","post","type-post","status-publish","format-standard","has-post-thumbnail","hentry","category-adalberto-peralta","category-nuestrapalabra"],"_links":{"self":[{"href":"https:\/\/plazajuarez.mx\/historico\/wp-json\/wp\/v2\/posts\/233854","targetHints":{"allow":["GET"]}}],"collection":[{"href":"https:\/\/plazajuarez.mx\/historico\/wp-json\/wp\/v2\/posts"}],"about":[{"href":"https:\/\/plazajuarez.mx\/historico\/wp-json\/wp\/v2\/types\/post"}],"author":[{"embeddable":true,"href":"https:\/\/plazajuarez.mx\/historico\/wp-json\/wp\/v2\/users\/83"}],"replies":[{"embeddable":true,"href":"https:\/\/plazajuarez.mx\/historico\/wp-json\/wp\/v2\/comments?post=233854"}],"version-history":[{"count":0,"href":"https:\/\/plazajuarez.mx\/historico\/wp-json\/wp\/v2\/posts\/233854\/revisions"}],"wp:featuredmedia":[{"embeddable":true,"href":"https:\/\/plazajuarez.mx\/historico\/wp-json\/wp\/v2\/media\/208526"}],"wp:attachment":[{"href":"https:\/\/plazajuarez.mx\/historico\/wp-json\/wp\/v2\/media?parent=233854"}],"wp:term":[{"taxonomy":"category","embeddable":true,"href":"https:\/\/plazajuarez.mx\/historico\/wp-json\/wp\/v2\/categories?post=233854"},{"taxonomy":"post_tag","embeddable":true,"href":"https:\/\/plazajuarez.mx\/historico\/wp-json\/wp\/v2\/tags?post=233854"}],"curies":[{"name":"wp","href":"https:\/\/api.w.org\/{rel}","templated":true}]}}