{"id":233847,"date":"2022-10-14T08:46:06","date_gmt":"2022-10-14T13:46:06","guid":{"rendered":"https:\/\/plazajuarez.mx\/?p=233847"},"modified":"2022-10-14T08:46:12","modified_gmt":"2022-10-14T13:46:12","slug":"los-anticuerpos-contra-sars-cov-2-persisten-dos-anos","status":"publish","type":"post","link":"https:\/\/plazajuarez.mx\/historico\/los-anticuerpos-contra-sars-cov-2-persisten-dos-anos\/","title":{"rendered":"Los anticuerpos contra SARS-CoV-2 persisten dos a\u00f1os"},"content":{"rendered":"\n<p>Los anticuerpos contra el virus SARS-CoV-2, causante de la covid, se mantienen al menos 20 meses despu\u00e9s de sufrir la enfermedad, seg\u00fan ha demostrado un estudio hecho con el seguimiento durante 20 meses a 247 sanitarios de Catalu\u00f1a que se infectaron de covid al inicio de la pandemia.<\/p>\n\n\n\n<p>El estudio, que han liderado el Instituto de Salud Global de Barcelona (ISGlobal), el Instituto Catal\u00e1n de la Salud (ICS), y el IDIAP Jordi Gol (IDIAP JG), con la colaboraci\u00f3n de la Fundaci\u00f3n Privada Daniel Bravo Andreu (FPDBA), tambi\u00e9n ha demostrado que la obesidad, la edad y el ser fumador se asocian a una menor respuesta de anticuerpos.<\/p>\n\n\n\n<p>La investigaci\u00f3n, cuyos resultados publica este jueves la revista &#8216;BMC Medicine&#8217;, quer\u00eda conocer cu\u00e1nto dura la respuesta inmune tras la infecci\u00f3n por SARS-CoV-2.<\/p>\n\n\n\n<p>En un estudio reciente con una cohorte de poblaci\u00f3n catalana de entre 40 y 70 a\u00f1os de edad, investigadores del ISGlobal dirigidos por Carlota Doba\u00f1o mostraron que una de cada tres personas no vacunadas ya no ten\u00eda anticuerpos detectables un a\u00f1o despu\u00e9s de la infecci\u00f3n.<\/p>\n\n\n\n<p>&#8220;Sin embargo, es importante hacer este tipo de estudios en diferentes cohortes. La cohorte de personal sanitario descrita aqu\u00ed incluye a gente m\u00e1s joven y m\u00e1s expuesta al virus, que padecieron una infecci\u00f3n sintom\u00e1tica, y en la que hemos podido tomar muestras regulares a lo largo de casi dos a\u00f1os&#8221;, ha explicado Doba\u00f1o.<\/p>\n\n\n\n<p>Los investigadores evaluaron la persistencia de anticuerpos de tipo IgM, IgA e IgG dirigidos contra la prote\u00edna Spike (S) y Nucleoc\u00e1pside (N) del virus en muestras de 247 personas con infecci\u00f3n sintom\u00e1tica y a\u00fan no vacunadas tomadas en ocho momentos diferentes entre verano de 2020 y noviembre de 2021.<\/p>\n\n\n\n<p>Los resultados muestran, como era esperado, una ca\u00edda gradual y considerable en los niveles de anticuerpos, pero m\u00e1s del 90 % de las personas participantes segu\u00eda teniendo anticuerpos frente a los cinco ant\u00edgenos virales analizados en todo momento del estudio.<\/p>\n\n\n\n<p>Incluso en las 23 personas que a\u00fan no se hab\u00edan vacunado en noviembre del 2021, la seropositividad se mantuvo en un 95%.<\/p>\n\n\n\n<p>Solo se observaron ocho reinfecciones durante el periodo de seguimiento, lo que sugiere que la inmunidad es robusta y duradera incluso frente a las nuevas variantes como alfa y delta.<\/p>\n","protected":false},"excerpt":{"rendered":"<p>Los anticuerpos contra el virus SARS-CoV-2, causante de la covid, se mantienen al menos 20 meses despu\u00e9s de sufrir la enfermedad, seg\u00fan ha demostrado un estudio hecho con el seguimiento durante 20 meses a 247 sanitarios de Catalu\u00f1a que se infectaron de covid al inicio de la pandemia. El estudio, que han liderado el Instituto [&hellip;]<\/p>\n","protected":false},"author":80,"featured_media":233848,"comment_status":"closed","ping_status":"closed","sticky":false,"template":"","format":"standard","meta":{"footnotes":""},"categories":[36],"tags":[],"class_list":["post-233847","post","type-post","status-publish","format-standard","has-post-thumbnail","hentry","category-nacion"],"_links":{"self":[{"href":"https:\/\/plazajuarez.mx\/historico\/wp-json\/wp\/v2\/posts\/233847","targetHints":{"allow":["GET"]}}],"collection":[{"href":"https:\/\/plazajuarez.mx\/historico\/wp-json\/wp\/v2\/posts"}],"about":[{"href":"https:\/\/plazajuarez.mx\/historico\/wp-json\/wp\/v2\/types\/post"}],"author":[{"embeddable":true,"href":"https:\/\/plazajuarez.mx\/historico\/wp-json\/wp\/v2\/users\/80"}],"replies":[{"embeddable":true,"href":"https:\/\/plazajuarez.mx\/historico\/wp-json\/wp\/v2\/comments?post=233847"}],"version-history":[{"count":0,"href":"https:\/\/plazajuarez.mx\/historico\/wp-json\/wp\/v2\/posts\/233847\/revisions"}],"wp:featuredmedia":[{"embeddable":true,"href":"https:\/\/plazajuarez.mx\/historico\/wp-json\/wp\/v2\/media\/233848"}],"wp:attachment":[{"href":"https:\/\/plazajuarez.mx\/historico\/wp-json\/wp\/v2\/media?parent=233847"}],"wp:term":[{"taxonomy":"category","embeddable":true,"href":"https:\/\/plazajuarez.mx\/historico\/wp-json\/wp\/v2\/categories?post=233847"},{"taxonomy":"post_tag","embeddable":true,"href":"https:\/\/plazajuarez.mx\/historico\/wp-json\/wp\/v2\/tags?post=233847"}],"curies":[{"name":"wp","href":"https:\/\/api.w.org\/{rel}","templated":true}]}}