{"id":233557,"date":"2022-10-12T09:33:40","date_gmt":"2022-10-12T14:33:40","guid":{"rendered":"https:\/\/plazajuarez.mx\/?p=233557"},"modified":"2022-10-12T09:33:46","modified_gmt":"2022-10-12T14:33:46","slug":"falla-pistola-de-ladron-se-dispara-en-la-cabeza","status":"publish","type":"post","link":"https:\/\/plazajuarez.mx\/historico\/falla-pistola-de-ladron-se-dispara-en-la-cabeza\/","title":{"rendered":"Falla pistola de ladr\u00f3n; se dispara en la cabeza"},"content":{"rendered":"\n<p>(EL UNIVERSAL).- En la alcald\u00eda Miguel Hidalgo de la Ciudad de M\u00e9xico un presunto ladr\u00f3n termin\u00f3 herido luego de que supuestamente tratara de detonar su arma de fuego contra un elemento policiaco y al encasillarse el arma se dispar\u00f3 en la cabeza.<\/p>\n\n\n\n<p>Los hechos fueron reportados por el periodista Carlos Jim\u00e9nez en sus redes sociales mediante dos videos en los que se observa al sujeto en el piso cubierto de sangre y con polic\u00edas rode\u00e1ndolo.<\/p>\n\n\n\n<p>En la primera grabaci\u00f3n el reportero se\u00f1al\u00f3 que habr\u00eda sido un agente quien le dispar\u00f3, sin embargo, en la siguiente publicaci\u00f3n, dijo que la pistola del presunto ladr\u00f3n se hab\u00eda &#8220;encasquillado&#8221; por lo que termin\u00f3 hiri\u00e9ndose a s\u00ed mismo.<\/p>\n\n\n\n<p>&#8220;Ll\u00e9vame a que me curen&#8221;, se escuch\u00f3 decir al detenido a una polic\u00eda en el primer video, quien luc\u00eda espantado y confundido, adem\u00e1s de cubierto de su propia sangre.<\/p>\n","protected":false},"excerpt":{"rendered":"<p>(EL UNIVERSAL).- En la alcald\u00eda Miguel Hidalgo de la Ciudad de M\u00e9xico un presunto ladr\u00f3n termin\u00f3 herido luego de que supuestamente tratara de detonar su arma de fuego contra un elemento policiaco y al encasillarse el arma se dispar\u00f3 en la cabeza. Los hechos fueron reportados por el periodista Carlos Jim\u00e9nez en sus redes sociales [&hellip;]<\/p>\n","protected":false},"author":81,"featured_media":233558,"comment_status":"closed","ping_status":"closed","sticky":false,"template":"","format":"standard","meta":{"footnotes":""},"categories":[37],"tags":[],"class_list":["post-233557","post","type-post","status-publish","format-standard","has-post-thumbnail","hentry","category-barandilla"],"_links":{"self":[{"href":"https:\/\/plazajuarez.mx\/historico\/wp-json\/wp\/v2\/posts\/233557","targetHints":{"allow":["GET"]}}],"collection":[{"href":"https:\/\/plazajuarez.mx\/historico\/wp-json\/wp\/v2\/posts"}],"about":[{"href":"https:\/\/plazajuarez.mx\/historico\/wp-json\/wp\/v2\/types\/post"}],"author":[{"embeddable":true,"href":"https:\/\/plazajuarez.mx\/historico\/wp-json\/wp\/v2\/users\/81"}],"replies":[{"embeddable":true,"href":"https:\/\/plazajuarez.mx\/historico\/wp-json\/wp\/v2\/comments?post=233557"}],"version-history":[{"count":0,"href":"https:\/\/plazajuarez.mx\/historico\/wp-json\/wp\/v2\/posts\/233557\/revisions"}],"wp:featuredmedia":[{"embeddable":true,"href":"https:\/\/plazajuarez.mx\/historico\/wp-json\/wp\/v2\/media\/233558"}],"wp:attachment":[{"href":"https:\/\/plazajuarez.mx\/historico\/wp-json\/wp\/v2\/media?parent=233557"}],"wp:term":[{"taxonomy":"category","embeddable":true,"href":"https:\/\/plazajuarez.mx\/historico\/wp-json\/wp\/v2\/categories?post=233557"},{"taxonomy":"post_tag","embeddable":true,"href":"https:\/\/plazajuarez.mx\/historico\/wp-json\/wp\/v2\/tags?post=233557"}],"curies":[{"name":"wp","href":"https:\/\/api.w.org\/{rel}","templated":true}]}}