{"id":233502,"date":"2022-10-12T08:57:00","date_gmt":"2022-10-12T13:57:00","guid":{"rendered":"https:\/\/plazajuarez.mx\/?p=233502"},"modified":"2022-10-12T08:57:06","modified_gmt":"2022-10-12T13:57:06","slug":"y-ahora-quien-podra-defendernos","status":"publish","type":"post","link":"https:\/\/plazajuarez.mx\/historico\/y-ahora-quien-podra-defendernos\/","title":{"rendered":"Y AHORA\u2026 \u00bfQUI\u00c9N PODR\u00c1 DEFENDERNOS?"},"content":{"rendered":"\n<h2 class=\"wp-block-heading\">ALFIL NEGRO<\/h2>\n\n\n\n<p>Seguramente muchos se acordar\u00e1n de esa serie de televisi\u00f3n tan vista en M\u00e9xico y en el extranjero del \u201cCHAPUL\u00cdN COLORADO\u201d, que mostraba a un s\u00faper h\u00e9roe entre c\u00f3mico y en serio que dabas respuestas a situaciones casi desesperadas de mucha gente, que lo invocaban como la soluci\u00f3n a sus problemas con la frase \u201cY AHORA QUI\u00c9N PODR\u00c1 DEFENDERNOS\u201d, que provocaba la aparici\u00f3n del h\u00e9roe colorado con uniforme de chapul\u00edn que afirmaba \u201cYO\u201d, y que con torpezas y metidas de pata terminaba por solucionar los problemas.<\/p>\n\n\n\n<p>Los m\u00e1s j\u00f3venes seguramente no conocer\u00e1n a este personaje, pero muchos s\u00ed lo tendr\u00e1n en su memoria.<\/p>\n\n\n\n<p>Y en esta hora de problemas e incertidumbre, de muchas dudas y temores sobre todo en materia de seguridad y de desconfianza en pol\u00edticos, desencanto en la actuaci\u00f3n de muchos de ellos lo mismo que de partidos, de escenarios de verdad preocupantes en que las redes sociales son un campo de batalla todos los d\u00edas, en que se aporta muy poco a la tranquilidad de la sociedad, por la actitud de gente que amparados en perfiles falsos ofenden y lastiman a quienes consideran contrarios por convicci\u00f3n o por encargos, es cuando parece la hora de voltear los ojos al cielo para gritar \u201cY AHORA\u2026 \u00bfQUI\u00c9N PODR\u00c1 DEFENDERNOS?<\/p>\n\n\n\n<p>Esperamos que haya muchas fuentes de soluci\u00f3n que respondan \u201cYO\u201d y que ofrezcan soluciones a lo que preocupa.<\/p>\n\n\n\n<p>En todo el pa\u00eds la seguridad se ha convertido en una loza que todos cargamos simplemente al salir a la calle, y ni se diga si es en horas de la noche o si se tiene necesidad de transitar por las carreteras, porque el temor de ser asaltados es constante en muchos lugares del pa\u00eds.<\/p>\n\n\n\n<p>En muchos estados es una realidad esta situaci\u00f3n, y en otros como en Hidalgo no es un problema grande, aunque haya hechos violentos pero no generalizados y afortunadamente con decisiones del gobierno de Menchaca, de enfrentar la inseguridad con estrategia y acciones que seguramente cerrar\u00e1n la puerta al crecimiento de la inseguridad.<\/p>\n\n\n\n<p>Esto no quiere decir que no haya otros temas donde se tenga que responder a la voz ciudadana que se concreta en ese \u201cY AHORA\u2026 \u00bfQUI\u00c9N PODR\u00c1 DEFENDERNOS?<\/p>\n\n\n\n<p>Toca al gobierno del estado concretar una pol\u00edtica de seguridad que responda a las instrucciones del gobernador, para tener un estado en paz y tranquilidad, jugando un papel fuerte el titular de Seguridad P\u00fablica, la Procuradur\u00eda General de Justicia, desde luego la polic\u00eda, la GN, los municipios con sus alcaldes, y sin duda el Secretario de Gobierno por lo que le corresponde de responsabilidad de la vida interna de Hidalgo.<\/p>\n\n\n\n<p>Pero si bien los funcionarios tienen esa responsabilidad, tambi\u00e9n es cierto que muy poco se lograr\u00eda si no hay participaci\u00f3n ciudadana, porque la seguridad como otros problemas, son problemas que reclaman la participaci\u00f3n de toda la sociedad.<\/p>\n\n\n\n<p>El otro tema es el de los abusos y corrupci\u00f3n, que tanto molesta por el cinismo de los u\u00f1as largas, que desde puestos p\u00fablicos se hinchan de dinero que luego sin rubor lucen en viajes y posesiones, pero la batalla contra estos malos funcionarios est\u00e1 en marcha, y todo indica que en breve habr\u00e1 informaci\u00f3n con nombres y apellidos.<\/p>\n\n\n\n<p>Quedan muchos renglones a los qu\u00e9 hay que responder a la voz ciudadana de \u201cAhora\u2026\u00bfqui\u00e9n podr\u00e1 defendernos?\u201d\u2026.<\/p>\n","protected":false},"excerpt":{"rendered":"<p>ALFIL NEGRO Seguramente muchos se acordar\u00e1n de esa serie de televisi\u00f3n tan vista en M\u00e9xico y en el extranjero del \u201cCHAPUL\u00cdN COLORADO\u201d, que mostraba a un s\u00faper h\u00e9roe entre c\u00f3mico y en serio que dabas respuestas a situaciones casi desesperadas de mucha gente, que lo invocaban como la soluci\u00f3n a sus problemas con la frase [&hellip;]<\/p>\n","protected":false},"author":83,"featured_media":208526,"comment_status":"closed","ping_status":"closed","sticky":false,"template":"","format":"standard","meta":{"footnotes":""},"categories":[48,42],"tags":[],"class_list":["post-233502","post","type-post","status-publish","format-standard","has-post-thumbnail","hentry","category-adalberto-peralta","category-nuestrapalabra"],"_links":{"self":[{"href":"https:\/\/plazajuarez.mx\/historico\/wp-json\/wp\/v2\/posts\/233502","targetHints":{"allow":["GET"]}}],"collection":[{"href":"https:\/\/plazajuarez.mx\/historico\/wp-json\/wp\/v2\/posts"}],"about":[{"href":"https:\/\/plazajuarez.mx\/historico\/wp-json\/wp\/v2\/types\/post"}],"author":[{"embeddable":true,"href":"https:\/\/plazajuarez.mx\/historico\/wp-json\/wp\/v2\/users\/83"}],"replies":[{"embeddable":true,"href":"https:\/\/plazajuarez.mx\/historico\/wp-json\/wp\/v2\/comments?post=233502"}],"version-history":[{"count":0,"href":"https:\/\/plazajuarez.mx\/historico\/wp-json\/wp\/v2\/posts\/233502\/revisions"}],"wp:featuredmedia":[{"embeddable":true,"href":"https:\/\/plazajuarez.mx\/historico\/wp-json\/wp\/v2\/media\/208526"}],"wp:attachment":[{"href":"https:\/\/plazajuarez.mx\/historico\/wp-json\/wp\/v2\/media?parent=233502"}],"wp:term":[{"taxonomy":"category","embeddable":true,"href":"https:\/\/plazajuarez.mx\/historico\/wp-json\/wp\/v2\/categories?post=233502"},{"taxonomy":"post_tag","embeddable":true,"href":"https:\/\/plazajuarez.mx\/historico\/wp-json\/wp\/v2\/tags?post=233502"}],"curies":[{"name":"wp","href":"https:\/\/api.w.org\/{rel}","templated":true}]}}