{"id":233487,"date":"2022-10-11T16:16:29","date_gmt":"2022-10-11T21:16:29","guid":{"rendered":"https:\/\/plazajuarez.mx\/?p=233487"},"modified":"2022-10-11T16:16:35","modified_gmt":"2022-10-11T21:16:35","slug":"mantiene_empleo","status":"publish","type":"post","link":"https:\/\/plazajuarez.mx\/historico\/mantiene_empleo\/","title":{"rendered":"MANTIENE ACTIVIDAD CONSTANTE LA DIRECCI\u00d3N DE\u00a0BOLSA DE TRABAJO DE TULANCINGO\u00a0"},"content":{"rendered":"\n<p><\/p>\n\n\n\n<p><em>Feria de la Empleabilidad<\/em><\/p>\n\n\n\n<p>Como parte de las acciones de vinculaci\u00f3n laboral que promueve la Direcci\u00f3n de Bolsa de Trabajo en Tulancingo, el pasado fin de semana se acudi\u00f3 a la Feria de la Empleabilidad, en la Universidad ETAC de esta ciudad.&nbsp;<\/p>\n\n\n\n<p>As\u00ed lo inform\u00f3 la titular de dicha \u00e1rea, Claudia Mu\u00f1oz Garc\u00eda, quien adem\u00e1s de participar en el acto inaugural, se promovi\u00f3 y se ofrecieron diversas vacantes a buscadores de empleo.&nbsp;<\/p>\n\n\n\n<p>En ese mismo sentido, se record\u00f3 que cada jueves se lleva a cabo el D\u00eda por el Empleo, en el Centro Cultural Ricardo Garibay, d\u00f3nde se realiza la vinculaci\u00f3n laboral entre empresas y hombres y mujeres en situaci\u00f3n de desempleo, o que buscan una mejor opci\u00f3n para su desarrollo profesional.&nbsp;<\/p>\n\n\n\n<p>A lo largo de 47 d\u00edas por el empleo se ha logrado la colocaci\u00f3n del 80 por ciento de asistentes y el 20 restante ha sido vinculado a alguna otra vacante.<\/p>\n\n\n\n<p>Es uno de los ejes fundamentales del presidente Jorge M\u00e1rquez Alvarado, que se generen oportunidades para que la poblaci\u00f3n se desarrolle econ\u00f3micamente dentro de su cuidad&nbsp; y no tenga que emigrar, en b\u00fasqueda de oportunidades laborales.&nbsp;<\/p>\n\n\n\n<p>Para m\u00e1s informaci\u00f3n sobre los d\u00edas por el empleo y las actividades de vinculaci\u00f3n laboral que realiza bolsa de trabajo el tel\u00e9fono de contacto es 5534072708, v\u00eda Whatsapp o en la p\u00e1gina Facebook.com\/BolsaDeTrabajoTulancingo.<\/p>\n","protected":false},"excerpt":{"rendered":"<p>Feria de la Empleabilidad Como parte de las acciones de vinculaci\u00f3n laboral que promueve la Direcci\u00f3n de Bolsa de Trabajo en Tulancingo, el pasado fin de semana se acudi\u00f3 a la Feria de la Empleabilidad, en la Universidad ETAC de esta ciudad.&nbsp; As\u00ed lo inform\u00f3 la titular de dicha \u00e1rea, Claudia Mu\u00f1oz Garc\u00eda, quien adem\u00e1s [&hellip;]<\/p>\n","protected":false},"author":93,"featured_media":233488,"comment_status":"closed","ping_status":"closed","sticky":false,"template":"","format":"standard","meta":{"footnotes":""},"categories":[15,59,2159,40],"tags":[],"class_list":["post-233487","post","type-post","status-publish","format-standard","has-post-thumbnail","hentry","category-destacadas","category-general","category-noticias-de-hidalgo","category-region"],"_links":{"self":[{"href":"https:\/\/plazajuarez.mx\/historico\/wp-json\/wp\/v2\/posts\/233487","targetHints":{"allow":["GET"]}}],"collection":[{"href":"https:\/\/plazajuarez.mx\/historico\/wp-json\/wp\/v2\/posts"}],"about":[{"href":"https:\/\/plazajuarez.mx\/historico\/wp-json\/wp\/v2\/types\/post"}],"author":[{"embeddable":true,"href":"https:\/\/plazajuarez.mx\/historico\/wp-json\/wp\/v2\/users\/93"}],"replies":[{"embeddable":true,"href":"https:\/\/plazajuarez.mx\/historico\/wp-json\/wp\/v2\/comments?post=233487"}],"version-history":[{"count":0,"href":"https:\/\/plazajuarez.mx\/historico\/wp-json\/wp\/v2\/posts\/233487\/revisions"}],"wp:featuredmedia":[{"embeddable":true,"href":"https:\/\/plazajuarez.mx\/historico\/wp-json\/wp\/v2\/media\/233488"}],"wp:attachment":[{"href":"https:\/\/plazajuarez.mx\/historico\/wp-json\/wp\/v2\/media?parent=233487"}],"wp:term":[{"taxonomy":"category","embeddable":true,"href":"https:\/\/plazajuarez.mx\/historico\/wp-json\/wp\/v2\/categories?post=233487"},{"taxonomy":"post_tag","embeddable":true,"href":"https:\/\/plazajuarez.mx\/historico\/wp-json\/wp\/v2\/tags?post=233487"}],"curies":[{"name":"wp","href":"https:\/\/api.w.org\/{rel}","templated":true}]}}