{"id":233439,"date":"2022-10-11T11:50:00","date_gmt":"2022-10-11T16:50:00","guid":{"rendered":"https:\/\/plazajuarez.mx\/?p=233439"},"modified":"2022-10-11T12:56:23","modified_gmt":"2022-10-11T17:56:23","slug":"adame-cirugia","status":"publish","type":"post","link":"https:\/\/plazajuarez.mx\/historico\/adame-cirugia\/","title":{"rendered":"As\u00ed qued\u00f3 Alfredo Adame tras cirug\u00eda"},"content":{"rendered":"\n<p>Alfredo Adame est\u00e1 dividiendo opiniones tras publicar en su cuenta de Facebook unas fotos de c\u00f3mo se ve su rostro luego de la cirug\u00eda a la que se someti\u00f3 el d\u00eda de ayer tras la golpiza de la que fue v\u00edctima hace unos d\u00edas y que le dej\u00f3 un ojo muy lastimado.<br><br>Primero, el conductor de 64 a\u00f1os poste\u00f3 una foto en la camilla previo a entrar a quir\u00f3fano, y se inform\u00f3 que ya estaba siendo intervenido; despu\u00e9s con unas instant\u00e1neas en las que su rostro aparece con vendas encima, se comunic\u00f3 que iba saliendo de la operaci\u00f3n, en de cuatro fisuras faciales; la m\u00e1s grave se localiza cerca del ojo derecho.<br><br>Ayer lunes en la ma\u00f1ana, Adame comparti\u00f3 un video en el que indicaba que ser\u00eda sometido a una cirug\u00eda urgente en el Hospital General Dr. Manuel Gea Gonz\u00e1lez debido a que ser\u00eda muy riesgoso prolongar la intervenci\u00f3n a la fisura que presenta debajo del ojo derecho.<\/p>\n\n\n\n<center><iframe loading=\"lazy\" src=\"https:\/\/www.facebook.com\/plugins\/post.php?href=https%3A%2F%2Fwww.facebook.com%2Falfredoadamemx%2Fposts%2F163796186258236&#038;show_text=true&#038;width=500\" width=\"500\" height=\"645\" style=\"border:none;overflow:hidden\" scrolling=\"no\" frameborder=\"0\" allowfullscreen=\"true\" allow=\"autoplay; clipboard-write; encrypted-media; picture-in-picture; web-share\"><\/iframe><\/center>\n\n\n\n<p><br>Despu\u00e9s, Adame colg\u00f3 varias fotos sin las vendas en la cara, lo que no fue bien recibido por varios fans, quienes coincidieron en que no era necesario mostrar ese tipo de fotos tan &#8220;grotestas&#8221;.<br><br>En ellas, el exgal\u00e1n de telenovelas luce convaleciente e hinchado en la cama del hospital. &#8220;Con un paracetamol quedo&#8221;, se lee en la publicaci\u00f3n.<br><br>Algunos cibernautas se mostraron a disgusto con la publicaci\u00f3n de dichas fotograf\u00edas: &#8220;Que se mejore. No es necesario publicar esas fotos. Pero as\u00ed es Adame&#8221;. &#8220;A lo que llego este hombre una vida de pura rabia enojo frustraciones ya deber\u00eda aprender a comportarse es un hombre mayor&#8221;. &#8220;C\u00f3mo destruy\u00f3 una gran carrera de actor y conductor este se\u00f1or, creo que est\u00e1 llevando su carrera al hoyo&#8221;, se lee.<br><br>El exconductor de &#8220;Hoy&#8221; ha informado todo lo que ha pasado desde que el pasado 28 de septiembre, cuando fue agredido en la alcald\u00eda Tlalpan de la Ciudad de M\u00e9xico, por supuestamente intentar grabar a dos personas que acababan de ser baleados en dicha demarcaci\u00f3n.<br><br>As\u00ed lo comparti\u00f3 el periodista Carlos Jim\u00e9nez, quien inform\u00f3 que los vecinos declararon que quienes hab\u00edan golpeado a Adame eran familiares de la persona asesinada.<\/p>\n\n\n\n<p><\/p>\n\n\n<div class=\"wp-block-image\">\n<figure class=\"aligncenter size-full\"><img loading=\"lazy\" decoding=\"async\" width=\"696\" height=\"464\" src=\"https:\/\/plazajuarez.mx\/historico\/historico\/wp-content\/uploads\/2022\/10\/nuevo-proyecto-2022-10-11t104351874-696x464-942df249-focus-0.25-0.67-825-440.jpg\" alt=\"\" class=\"wp-image-233441\" srcset=\"https:\/\/plazajuarez.mx\/historico\/wp-content\/uploads\/2022\/10\/nuevo-proyecto-2022-10-11t104351874-696x464-942df249-focus-0.25-0.67-825-440.jpg 696w, https:\/\/plazajuarez.mx\/historico\/wp-content\/uploads\/2022\/10\/nuevo-proyecto-2022-10-11t104351874-696x464-942df249-focus-0.25-0.67-825-440-274x183.jpg 274w, https:\/\/plazajuarez.mx\/historico\/wp-content\/uploads\/2022\/10\/nuevo-proyecto-2022-10-11t104351874-696x464-942df249-focus-0.25-0.67-825-440-80x54.jpg 80w, https:\/\/plazajuarez.mx\/historico\/wp-content\/uploads\/2022\/10\/nuevo-proyecto-2022-10-11t104351874-696x464-942df249-focus-0.25-0.67-825-440-130x87.jpg 130w, https:\/\/plazajuarez.mx\/historico\/wp-content\/uploads\/2022\/10\/nuevo-proyecto-2022-10-11t104351874-696x464-942df249-focus-0.25-0.67-825-440-359x240.jpg 359w, https:\/\/plazajuarez.mx\/historico\/wp-content\/uploads\/2022\/10\/nuevo-proyecto-2022-10-11t104351874-696x464-942df249-focus-0.25-0.67-825-440-85x57.jpg 85w, https:\/\/plazajuarez.mx\/historico\/wp-content\/uploads\/2022\/10\/nuevo-proyecto-2022-10-11t104351874-696x464-942df249-focus-0.25-0.67-825-440-546x365.jpg 546w, https:\/\/plazajuarez.mx\/historico\/wp-content\/uploads\/2022\/10\/nuevo-proyecto-2022-10-11t104351874-696x464-942df249-focus-0.25-0.67-825-440-165x109.jpg 165w, https:\/\/plazajuarez.mx\/historico\/wp-content\/uploads\/2022\/10\/nuevo-proyecto-2022-10-11t104351874-696x464-942df249-focus-0.25-0.67-825-440-112x75.jpg 112w, https:\/\/plazajuarez.mx\/historico\/wp-content\/uploads\/2022\/10\/nuevo-proyecto-2022-10-11t104351874-696x464-942df249-focus-0.25-0.67-825-440-179x120.jpg 179w, https:\/\/plazajuarez.mx\/historico\/wp-content\/uploads\/2022\/10\/nuevo-proyecto-2022-10-11t104351874-696x464-942df249-focus-0.25-0.67-825-440-170x113.jpg 170w, https:\/\/plazajuarez.mx\/historico\/wp-content\/uploads\/2022\/10\/nuevo-proyecto-2022-10-11t104351874-696x464-942df249-focus-0.25-0.67-825-440-81x55.jpg 81w, https:\/\/plazajuarez.mx\/historico\/wp-content\/uploads\/2022\/10\/nuevo-proyecto-2022-10-11t104351874-696x464-942df249-focus-0.25-0.67-825-440-765x510.jpg 765w\" sizes=\"auto, (max-width: 696px) 100vw, 696px\" \/><\/figure>\n<\/div>\n\n\n<p>Adame dio su propia versi\u00f3n de los hechos, primero v\u00eda Instagram y despu\u00e9s en varios programas de espect\u00e1culos, donde arremeti\u00f3 en contra de &#8220;esos malandros&#8221;. &#8220;Hace unos minutos fui v\u00edctima de unos malandros, con algunas lesiones graves\u2026..despu\u00e9s les cuento\u2026.estoy bien&#8221;.<br><br>Alfredo se mostr\u00f3 molesto con MaryFer Centeno luego de que la famosa graf\u00f3loga analizara el video en donde el actor tuvo un pleito que le dej\u00f3 el ojo morado y fracturas en el rostro, pues despotric\u00f3 contra ella arremed\u00e1ndola e incluso expres\u00f3 que es &#8220;Cuqui la ratita&#8221;.<br><br>En entrevista el conductor dijo que Centeno sac\u00f3 informaci\u00f3n falsa y tonter\u00edas, ya que le experta asegur\u00f3 a un medio de comunicaci\u00f3n: \u00e9l se hab\u00eda re\u00eddo del polic\u00eda que falleci\u00f3 en el altercado de hace una semana.<\/p>\n","protected":false},"excerpt":{"rendered":"<p>Alfredo Adame est\u00e1 dividiendo opiniones tras publicar en su cuenta de Facebook unas fotos de c\u00f3mo se ve su rostro luego de la cirug\u00eda a la que se someti\u00f3 el d\u00eda de ayer tras la golpiza de la que fue v\u00edctima hace unos d\u00edas y que le dej\u00f3 un ojo muy lastimado. Primero, el conductor [&hellip;]<\/p>\n","protected":false},"author":81,"featured_media":233440,"comment_status":"closed","ping_status":"closed","sticky":false,"template":"","format":"standard","meta":{"footnotes":""},"categories":[15,38],"tags":[],"class_list":["post-233439","post","type-post","status-publish","format-standard","has-post-thumbnail","hentry","category-destacadas","category-show"],"_links":{"self":[{"href":"https:\/\/plazajuarez.mx\/historico\/wp-json\/wp\/v2\/posts\/233439","targetHints":{"allow":["GET"]}}],"collection":[{"href":"https:\/\/plazajuarez.mx\/historico\/wp-json\/wp\/v2\/posts"}],"about":[{"href":"https:\/\/plazajuarez.mx\/historico\/wp-json\/wp\/v2\/types\/post"}],"author":[{"embeddable":true,"href":"https:\/\/plazajuarez.mx\/historico\/wp-json\/wp\/v2\/users\/81"}],"replies":[{"embeddable":true,"href":"https:\/\/plazajuarez.mx\/historico\/wp-json\/wp\/v2\/comments?post=233439"}],"version-history":[{"count":0,"href":"https:\/\/plazajuarez.mx\/historico\/wp-json\/wp\/v2\/posts\/233439\/revisions"}],"wp:featuredmedia":[{"embeddable":true,"href":"https:\/\/plazajuarez.mx\/historico\/wp-json\/wp\/v2\/media\/233440"}],"wp:attachment":[{"href":"https:\/\/plazajuarez.mx\/historico\/wp-json\/wp\/v2\/media?parent=233439"}],"wp:term":[{"taxonomy":"category","embeddable":true,"href":"https:\/\/plazajuarez.mx\/historico\/wp-json\/wp\/v2\/categories?post=233439"},{"taxonomy":"post_tag","embeddable":true,"href":"https:\/\/plazajuarez.mx\/historico\/wp-json\/wp\/v2\/tags?post=233439"}],"curies":[{"name":"wp","href":"https:\/\/api.w.org\/{rel}","templated":true}]}}