{"id":233409,"date":"2022-10-11T11:46:48","date_gmt":"2022-10-11T16:46:48","guid":{"rendered":"https:\/\/plazajuarez.mx\/?p=233409"},"modified":"2022-10-11T11:46:54","modified_gmt":"2022-10-11T16:46:54","slug":"solidaridad-femenina","status":"publish","type":"post","link":"https:\/\/plazajuarez.mx\/historico\/solidaridad-femenina\/","title":{"rendered":"Solidaridad femenina"},"content":{"rendered":"\n<h2 class=\"wp-block-heading\"><strong>CINE DE SIEMPRE<\/strong><\/h2>\n\n\n\n<p>La otra retrospectiva del VI Festival Black Canvas presentada en la Cineteca Nacional est\u00e1 dedicada a la productora y directora suiza Andrea Staka, presentando sus cuatro largometrajes y su corto Hotel Belgrado.<\/p>\n\n\n\n<p>Su primera ficci\u00f3n es Se\u00f1orita realizada en el 2006 con un gui\u00f3n de Eva Vitija y Ann Tobin que narra la historia de tres emigrantes yugoslavas en Alemania.<\/p>\n\n\n\n<p>La serie Rusa (la espl\u00e9ndida Mirjana Karanovic) es la due\u00f1a de un popular restaurante que administra con la ayuda de Mila (Ljubica Jovic), quien sue\u00f1a con regresar a su pa\u00eds, a la casa que construye con la ayuda de su esposo Ante (Zdenko Jelcic).<\/p>\n\n\n\n<p>Pero la vida de ambas cambia radicalmente con la llegada de la joven Ana (Marija Skaricic), una bosnia llena de vida que no parece temerle a nada.<\/p>\n\n\n\n<p>En realidad tiene leucemia y tiene un miedo mortal a morir.<\/p>\n\n\n\n<p>Entre las tres se establecer\u00e1 una solidaridad femenina que las impulsar\u00e1 a alcanzar sus propias metas.<\/p>\n\n\n\n<p>Staka ha vivido atravesada por dos culturas y no puede olvidar sus ra\u00edces yugoslavas, en un pa\u00eds que ha dejado de existir como tal.<\/p>\n\n\n\n<p>La directora da voz a esas mujeres que viven en un pa\u00eds extra\u00f1o y que deben luchar para salir adelante.<\/p>\n\n\n\n<p>Das fraulein gan\u00f3 en el Festival de la Juventud y en Locarno y es sin duda una de las mejores cintas de la directora.<\/p>\n","protected":false},"excerpt":{"rendered":"<p>CINE DE SIEMPRE La otra retrospectiva del VI Festival Black Canvas presentada en la Cineteca Nacional est\u00e1 dedicada a la productora y directora suiza Andrea Staka, presentando sus cuatro largometrajes y su corto Hotel Belgrado. Su primera ficci\u00f3n es Se\u00f1orita realizada en el 2006 con un gui\u00f3n de Eva Vitija y Ann Tobin que narra [&hellip;]<\/p>\n","protected":false},"author":96,"featured_media":233410,"comment_status":"closed","ping_status":"closed","sticky":false,"template":"","format":"standard","meta":{"footnotes":""},"categories":[54,42],"tags":[],"class_list":["post-233409","post","type-post","status-publish","format-standard","has-post-thumbnail","hentry","category-jorge-carrasco","category-nuestrapalabra"],"_links":{"self":[{"href":"https:\/\/plazajuarez.mx\/historico\/wp-json\/wp\/v2\/posts\/233409","targetHints":{"allow":["GET"]}}],"collection":[{"href":"https:\/\/plazajuarez.mx\/historico\/wp-json\/wp\/v2\/posts"}],"about":[{"href":"https:\/\/plazajuarez.mx\/historico\/wp-json\/wp\/v2\/types\/post"}],"author":[{"embeddable":true,"href":"https:\/\/plazajuarez.mx\/historico\/wp-json\/wp\/v2\/users\/96"}],"replies":[{"embeddable":true,"href":"https:\/\/plazajuarez.mx\/historico\/wp-json\/wp\/v2\/comments?post=233409"}],"version-history":[{"count":0,"href":"https:\/\/plazajuarez.mx\/historico\/wp-json\/wp\/v2\/posts\/233409\/revisions"}],"wp:featuredmedia":[{"embeddable":true,"href":"https:\/\/plazajuarez.mx\/historico\/wp-json\/wp\/v2\/media\/233410"}],"wp:attachment":[{"href":"https:\/\/plazajuarez.mx\/historico\/wp-json\/wp\/v2\/media?parent=233409"}],"wp:term":[{"taxonomy":"category","embeddable":true,"href":"https:\/\/plazajuarez.mx\/historico\/wp-json\/wp\/v2\/categories?post=233409"},{"taxonomy":"post_tag","embeddable":true,"href":"https:\/\/plazajuarez.mx\/historico\/wp-json\/wp\/v2\/tags?post=233409"}],"curies":[{"name":"wp","href":"https:\/\/api.w.org\/{rel}","templated":true}]}}