{"id":233397,"date":"2022-10-11T09:03:19","date_gmt":"2022-10-11T14:03:19","guid":{"rendered":"https:\/\/plazajuarez.mx\/?p=233397"},"modified":"2022-10-11T09:03:26","modified_gmt":"2022-10-11T14:03:26","slug":"inauguran-primera-feria-aeroespacial","status":"publish","type":"post","link":"https:\/\/plazajuarez.mx\/historico\/inauguran-primera-feria-aeroespacial\/","title":{"rendered":"Inauguran primera Feria Aeroespacial"},"content":{"rendered":"\n<p>TULANCINGO.- Se realiz\u00f3 la inauguraci\u00f3n de la Primera Feria Aeroespacial Tulancingo 2022, en el Centro Cultural, Ricardo Garibay.\u00a0<\/p>\n\n\n\n<p>El evento fue encabezado por el presidente municipal, Jorge M\u00e1rquez Alvarado, y el Ingeniero Luis Fernando G\u00f3mez Monroy, promotor de esta actividad; que tiene como finalidad, acercar a j\u00f3venes, ni\u00f1as y ni\u00f1os, a la ciencia y la tecnolog\u00eda.&nbsp;<\/p>\n\n\n\n<p>Durante el d\u00eda, fueron desarrolladas diferentes acciones, entre ellas ponencias como: \u201c\u00bfPor qu\u00e9 Aeroespacial?\u201d, a cargo del Ingeniero Fernando G\u00f3mez; \u201cIntroducci\u00f3n a la electr\u00f3nica espacial\u201d, por el Ingeniero Luis Garc\u00eda; \u201cEl reto aeroespacial en M\u00e9xico\u201d, por Hasel Ram\u00edrez y \u201cMisiones Espaciales Veracruzanas a la luna\u201d, por el Ingeniero Israel T\u00e9llez.<\/p>\n\n\n\n<p>En su intervenci\u00f3n, el edil tulancinguense dijo que este tipo de acciones permiten a las nuevas generaciones tener un panorama m\u00e1s amplio sobre \u00e1reas de inter\u00e9s que se pueden convertir en una profesi\u00f3n.<\/p>\n\n\n\n<p>Entre otras actividades coordinadas por la Direcci\u00f3n de Turismo, se realizaron lanzamientos de cohetes de aire y de agua, en las instalaciones de la Unidad Deportiva, \u201cJavier Rojo G\u00f3mez\u201d.<\/p>\n","protected":false},"excerpt":{"rendered":"<p>TULANCINGO.- Se realiz\u00f3 la inauguraci\u00f3n de la Primera Feria Aeroespacial Tulancingo 2022, en el Centro Cultural, Ricardo Garibay.\u00a0 El evento fue encabezado por el presidente municipal, Jorge M\u00e1rquez Alvarado, y el Ingeniero Luis Fernando G\u00f3mez Monroy, promotor de esta actividad; que tiene como finalidad, acercar a j\u00f3venes, ni\u00f1as y ni\u00f1os, a la ciencia y la [&hellip;]<\/p>\n","protected":false},"author":93,"featured_media":233398,"comment_status":"closed","ping_status":"closed","sticky":false,"template":"","format":"standard","meta":{"footnotes":""},"categories":[2159,40],"tags":[],"class_list":["post-233397","post","type-post","status-publish","format-standard","has-post-thumbnail","hentry","category-noticias-de-hidalgo","category-region"],"_links":{"self":[{"href":"https:\/\/plazajuarez.mx\/historico\/wp-json\/wp\/v2\/posts\/233397","targetHints":{"allow":["GET"]}}],"collection":[{"href":"https:\/\/plazajuarez.mx\/historico\/wp-json\/wp\/v2\/posts"}],"about":[{"href":"https:\/\/plazajuarez.mx\/historico\/wp-json\/wp\/v2\/types\/post"}],"author":[{"embeddable":true,"href":"https:\/\/plazajuarez.mx\/historico\/wp-json\/wp\/v2\/users\/93"}],"replies":[{"embeddable":true,"href":"https:\/\/plazajuarez.mx\/historico\/wp-json\/wp\/v2\/comments?post=233397"}],"version-history":[{"count":0,"href":"https:\/\/plazajuarez.mx\/historico\/wp-json\/wp\/v2\/posts\/233397\/revisions"}],"wp:featuredmedia":[{"embeddable":true,"href":"https:\/\/plazajuarez.mx\/historico\/wp-json\/wp\/v2\/media\/233398"}],"wp:attachment":[{"href":"https:\/\/plazajuarez.mx\/historico\/wp-json\/wp\/v2\/media?parent=233397"}],"wp:term":[{"taxonomy":"category","embeddable":true,"href":"https:\/\/plazajuarez.mx\/historico\/wp-json\/wp\/v2\/categories?post=233397"},{"taxonomy":"post_tag","embeddable":true,"href":"https:\/\/plazajuarez.mx\/historico\/wp-json\/wp\/v2\/tags?post=233397"}],"curies":[{"name":"wp","href":"https:\/\/api.w.org\/{rel}","templated":true}]}}