{"id":233388,"date":"2022-10-11T08:59:10","date_gmt":"2022-10-11T13:59:10","guid":{"rendered":"https:\/\/plazajuarez.mx\/?p=233388"},"modified":"2022-10-11T08:59:15","modified_gmt":"2022-10-11T13:59:15","slug":"sepultaran-a-migrante-en-san-salvador-esta-semana","status":"publish","type":"post","link":"https:\/\/plazajuarez.mx\/historico\/sepultaran-a-migrante-en-san-salvador-esta-semana\/","title":{"rendered":"Sepultar\u00e1n a migrante en San Salvador esta semana\u00a0"},"content":{"rendered":"\n<p>San Salvador.- En la comunidad de El Fresno, en el municipio de San Salvador, se espera que esta semana lleguen los restos de Omar Reyes, un joven de 19 a\u00f1os de edad, que en 2021 intent\u00f3 llegar a Estados Unidos, sin embargo, perdi\u00f3 la vida.\u00a0<\/p>\n\n\n\n<p>La familia del joven, viaj\u00f3 este fin de semana a Ciudad Ju\u00e1rez para realizar el reconocimiento de los restos y pertenencias. Ayer, fueron recibidos por la Fiscal\u00eda de ese estado y se comenzaron los tr\u00e1mites para que a la brevedad, reciban el cuerpo.&nbsp;<\/p>\n\n\n\n<p>Los restos de Omar, viajar\u00e1n primero a la Ciudad de M\u00e9xico v\u00eda a\u00e9rea, posteriormente, por tierra, ser\u00e1n enviados al municipio de San Salvador, donde ser\u00e1n velados y posteriormente ser\u00e1n sepultados en el pante\u00f3n de su comunidad.&nbsp;<\/p>\n\n\n\n<p>La familia ha agradecido la participaci\u00f3n de las autoridades de los tres \u00f3rdenes de gobierno, organizaciones de la sociedad civil y de medios de comunicaci\u00f3n, que no olvidaron este caso y finalmente la Fiscal\u00eda de Chihuahua, localiz\u00f3 los restos de este joven.<\/p>\n","protected":false},"excerpt":{"rendered":"<p>San Salvador.- En la comunidad de El Fresno, en el municipio de San Salvador, se espera que esta semana lleguen los restos de Omar Reyes, un joven de 19 a\u00f1os de edad, que en 2021 intent\u00f3 llegar a Estados Unidos, sin embargo, perdi\u00f3 la vida.\u00a0 La familia del joven, viaj\u00f3 este fin de semana a [&hellip;]<\/p>\n","protected":false},"author":75,"featured_media":233389,"comment_status":"closed","ping_status":"closed","sticky":false,"template":"","format":"standard","meta":{"footnotes":""},"categories":[2159,40],"tags":[],"class_list":["post-233388","post","type-post","status-publish","format-standard","has-post-thumbnail","hentry","category-noticias-de-hidalgo","category-region"],"_links":{"self":[{"href":"https:\/\/plazajuarez.mx\/historico\/wp-json\/wp\/v2\/posts\/233388","targetHints":{"allow":["GET"]}}],"collection":[{"href":"https:\/\/plazajuarez.mx\/historico\/wp-json\/wp\/v2\/posts"}],"about":[{"href":"https:\/\/plazajuarez.mx\/historico\/wp-json\/wp\/v2\/types\/post"}],"author":[{"embeddable":true,"href":"https:\/\/plazajuarez.mx\/historico\/wp-json\/wp\/v2\/users\/75"}],"replies":[{"embeddable":true,"href":"https:\/\/plazajuarez.mx\/historico\/wp-json\/wp\/v2\/comments?post=233388"}],"version-history":[{"count":0,"href":"https:\/\/plazajuarez.mx\/historico\/wp-json\/wp\/v2\/posts\/233388\/revisions"}],"wp:featuredmedia":[{"embeddable":true,"href":"https:\/\/plazajuarez.mx\/historico\/wp-json\/wp\/v2\/media\/233389"}],"wp:attachment":[{"href":"https:\/\/plazajuarez.mx\/historico\/wp-json\/wp\/v2\/media?parent=233388"}],"wp:term":[{"taxonomy":"category","embeddable":true,"href":"https:\/\/plazajuarez.mx\/historico\/wp-json\/wp\/v2\/categories?post=233388"},{"taxonomy":"post_tag","embeddable":true,"href":"https:\/\/plazajuarez.mx\/historico\/wp-json\/wp\/v2\/tags?post=233388"}],"curies":[{"name":"wp","href":"https:\/\/api.w.org\/{rel}","templated":true}]}}