{"id":233385,"date":"2022-10-11T08:58:05","date_gmt":"2022-10-11T13:58:05","guid":{"rendered":"https:\/\/plazajuarez.mx\/?p=233385"},"modified":"2022-10-11T08:58:11","modified_gmt":"2022-10-11T13:58:11","slug":"piden-pobladores-que-gobierno-local-y-federal-atiendan-presunto-desvio-millonario","status":"publish","type":"post","link":"https:\/\/plazajuarez.mx\/historico\/piden-pobladores-que-gobierno-local-y-federal-atiendan-presunto-desvio-millonario\/","title":{"rendered":"Piden pobladores que gobierno local y federal atiendan presunto desv\u00edo millonario"},"content":{"rendered":"\n<p>Huautla.- Delegados, ciudadanos e integrantes de la Asociaci\u00f3n \u201cComunidades unidas por Huautla\u201d, realizaron una manifestaci\u00f3n frente a la presidencia municipal pidiendo la intervenci\u00f3n del presidente Andr\u00e9s Manuel L\u00f3pez Obrador y del Gobernador Julio Menchaca, por el presunto desvi\u00f3 de 26 millones de pesos realizado por el alcalde Felipe Ju\u00e1rez.<\/p>\n\n\n\n<p>Bajo la consigna \u201cAlto a la corrupci\u00f3n\u201d, y con lonas en mano, los inconformes se plantaron frente a la presidencia, donde a pesar de las bajas temperaturas han permanecido desde la semana pasada se\u00f1alando que el principal objetivo es velar por los intereses del pueblo.<\/p>\n\n\n\n<p>\u201cComunidades unidas aqu\u00ed est\u00e1n presentes a pesar de las adversidades del tiempo, esfuerzo y de dinero\u2026 dijimos que la gente del pueblo tiene que ser respetada, la gente del pueblo tiene que hacerse escuchar, dijimos \u2018alto a la corrupci\u00f3n\u2019 y aqu\u00ed estamos\u201d, expresaron los pobladores frente a la alcald\u00eda.<\/p>\n\n\n\n<p>Cabe mencionar que la sociedad se ha organizado y con recurso propio se mantienen vigilando todo el tiempo frente al ayuntamiento para evitar anomal\u00edas; aunado a estas acciones, piden justicia para el pueblo de Huautla, pues refieren que no es posible que, siendo una regi\u00f3n con muchas carencias, est\u00e9n sucediendo este tipo de situaciones que afectan el crecimiento y desarrollo del municipio.<\/p>\n","protected":false},"excerpt":{"rendered":"<p>Huautla.- Delegados, ciudadanos e integrantes de la Asociaci\u00f3n \u201cComunidades unidas por Huautla\u201d, realizaron una manifestaci\u00f3n frente a la presidencia municipal pidiendo la intervenci\u00f3n del presidente Andr\u00e9s Manuel L\u00f3pez Obrador y del Gobernador Julio Menchaca, por el presunto desvi\u00f3 de 26 millones de pesos realizado por el alcalde Felipe Ju\u00e1rez. Bajo la consigna \u201cAlto a la [&hellip;]<\/p>\n","protected":false},"author":76,"featured_media":233386,"comment_status":"closed","ping_status":"closed","sticky":false,"template":"","format":"standard","meta":{"footnotes":""},"categories":[40],"tags":[],"class_list":["post-233385","post","type-post","status-publish","format-standard","has-post-thumbnail","hentry","category-region"],"_links":{"self":[{"href":"https:\/\/plazajuarez.mx\/historico\/wp-json\/wp\/v2\/posts\/233385","targetHints":{"allow":["GET"]}}],"collection":[{"href":"https:\/\/plazajuarez.mx\/historico\/wp-json\/wp\/v2\/posts"}],"about":[{"href":"https:\/\/plazajuarez.mx\/historico\/wp-json\/wp\/v2\/types\/post"}],"author":[{"embeddable":true,"href":"https:\/\/plazajuarez.mx\/historico\/wp-json\/wp\/v2\/users\/76"}],"replies":[{"embeddable":true,"href":"https:\/\/plazajuarez.mx\/historico\/wp-json\/wp\/v2\/comments?post=233385"}],"version-history":[{"count":0,"href":"https:\/\/plazajuarez.mx\/historico\/wp-json\/wp\/v2\/posts\/233385\/revisions"}],"wp:featuredmedia":[{"embeddable":true,"href":"https:\/\/plazajuarez.mx\/historico\/wp-json\/wp\/v2\/media\/233386"}],"wp:attachment":[{"href":"https:\/\/plazajuarez.mx\/historico\/wp-json\/wp\/v2\/media?parent=233385"}],"wp:term":[{"taxonomy":"category","embeddable":true,"href":"https:\/\/plazajuarez.mx\/historico\/wp-json\/wp\/v2\/categories?post=233385"},{"taxonomy":"post_tag","embeddable":true,"href":"https:\/\/plazajuarez.mx\/historico\/wp-json\/wp\/v2\/tags?post=233385"}],"curies":[{"name":"wp","href":"https:\/\/api.w.org\/{rel}","templated":true}]}}