{"id":233344,"date":"2022-10-10T15:27:01","date_gmt":"2022-10-10T20:27:01","guid":{"rendered":"https:\/\/plazajuarez.mx\/?p=233344"},"modified":"2022-10-10T15:36:06","modified_gmt":"2022-10-10T20:36:06","slug":"alejandro_","status":"publish","type":"post","link":"https:\/\/plazajuarez.mx\/historico\/alejandro_\/","title":{"rendered":"Exhorta Alejandro Enciso al Congreso Federal para invertir en generaci\u00f3n de empleo"},"content":{"rendered":"\n<p>&nbsp;<br>Derivado de los actuales niveles de inflaci\u00f3n que se registran en el pa\u00eds, y la crisis econ\u00f3mica que dej\u00f3&nbsp;la Covid-19, a la fecha, la generaci\u00f3n de empleos en M\u00e9xico e Hidalgo, se vio severamente afectada; de ah\u00ed&nbsp;que el diputado local Alejandro Enciso exhort\u00f3&nbsp;a sus hom\u00f3logos federales, para que inviertan m\u00e1s recursos en este&nbsp;\u00e1mbito.<\/p>\n\n\n\n<p>En la lectura de sus argumentos de este acuerdo econ\u00f3mico, el legislador hidalguense afirm\u00f3&nbsp;que es preocupante el bajo nivel de ocupaci\u00f3n laboral que prevalece en todo el pa\u00eds.<\/p>\n\n\n\n<p>Puntualiz\u00f3&nbsp;que el gobierno federal, desde hace ya varios a\u00f1os, cuenta con el Programa de Apoyo al Empleo, columna vertebral del Servicio Nacional de Empleo, el cual seguir\u00e1&nbsp;operando con recursos limitados, luego de que registr\u00f3&nbsp;un recorte del 92 por ciento en su presupuesto a partir de 2021.<\/p>\n\n\n\n<p>\u201cBajo esta condici\u00f3n, el presupuesto previsto para el 2022 no cambia la percepci\u00f3n de que el Programa de Apoyo al Empleo, est\u00e1&nbsp;desatendido\u201d, expuso.<\/p>\n\n\n\n<p>Y agreg\u00f3,&nbsp;\u201cesta legislatura del Congreso del Estado de Hidalgo exhorta, respetuosamente, a la C\u00e1mara de Diputados del Congreso de la Uni\u00f3n para que, en el&nbsp;\u00e1mbito de sus facultades y en el marco de la aprobaci\u00f3n del presupuesto de egresos de la federaci\u00f3n para el ejercicio fiscal 2023, incremente los recursos encaminados al programa de Apoyo al Empleo<strong>,&nbsp;<\/strong>para atender a las y los hidalguenses que viven en condici\u00f3n de desempleo\u201d, finaliz\u00f3.<\/p>\n","protected":false},"excerpt":{"rendered":"<p>&nbsp;Derivado de los actuales niveles de inflaci\u00f3n que se registran en el pa\u00eds, y la crisis econ\u00f3mica que dej\u00f3&nbsp;la Covid-19, a la fecha, la generaci\u00f3n de empleos en M\u00e9xico e Hidalgo, se vio severamente afectada; de ah\u00ed&nbsp;que el diputado local Alejandro Enciso exhort\u00f3&nbsp;a sus hom\u00f3logos federales, para que inviertan m\u00e1s recursos en este&nbsp;\u00e1mbito. En la [&hellip;]<\/p>\n","protected":false},"author":93,"featured_media":233345,"comment_status":"closed","ping_status":"closed","sticky":false,"template":"","format":"standard","meta":{"footnotes":""},"categories":[15,59,2159],"tags":[],"class_list":["post-233344","post","type-post","status-publish","format-standard","has-post-thumbnail","hentry","category-destacadas","category-general","category-noticias-de-hidalgo"],"_links":{"self":[{"href":"https:\/\/plazajuarez.mx\/historico\/wp-json\/wp\/v2\/posts\/233344","targetHints":{"allow":["GET"]}}],"collection":[{"href":"https:\/\/plazajuarez.mx\/historico\/wp-json\/wp\/v2\/posts"}],"about":[{"href":"https:\/\/plazajuarez.mx\/historico\/wp-json\/wp\/v2\/types\/post"}],"author":[{"embeddable":true,"href":"https:\/\/plazajuarez.mx\/historico\/wp-json\/wp\/v2\/users\/93"}],"replies":[{"embeddable":true,"href":"https:\/\/plazajuarez.mx\/historico\/wp-json\/wp\/v2\/comments?post=233344"}],"version-history":[{"count":0,"href":"https:\/\/plazajuarez.mx\/historico\/wp-json\/wp\/v2\/posts\/233344\/revisions"}],"wp:featuredmedia":[{"embeddable":true,"href":"https:\/\/plazajuarez.mx\/historico\/wp-json\/wp\/v2\/media\/233345"}],"wp:attachment":[{"href":"https:\/\/plazajuarez.mx\/historico\/wp-json\/wp\/v2\/media?parent=233344"}],"wp:term":[{"taxonomy":"category","embeddable":true,"href":"https:\/\/plazajuarez.mx\/historico\/wp-json\/wp\/v2\/categories?post=233344"},{"taxonomy":"post_tag","embeddable":true,"href":"https:\/\/plazajuarez.mx\/historico\/wp-json\/wp\/v2\/tags?post=233344"}],"curies":[{"name":"wp","href":"https:\/\/api.w.org\/{rel}","templated":true}]}}