{"id":233340,"date":"2022-10-10T15:23:25","date_gmt":"2022-10-10T20:23:25","guid":{"rendered":"https:\/\/plazajuarez.mx\/?p=233340"},"modified":"2022-10-10T15:33:53","modified_gmt":"2022-10-10T20:33:53","slug":"glpri_pide","status":"publish","type":"post","link":"https:\/\/plazajuarez.mx\/historico\/glpri_pide\/","title":{"rendered":"Pide GLPRI perseguir de oficio delitos y maltrato contra animales"},"content":{"rendered":"\n<p>&nbsp;El grupo legislativo del PRI en el Congreso del estado de Hidalgo present\u00f3 una iniciativa que reforma el c\u00f3digo penal y la ley de protecci\u00f3n y trato digno a los animales.<\/p>\n\n\n\n<p>El coordinador del GLPRI, Julio Valera Piedras, explic\u00f3 en tribuna que el objetivo de esta iniciativa es&nbsp; \u201cfomentar la cultura de denuncia de los delitos de maltrato animal dotando de herramientas que permitan al Ministerio P\u00fablico y a la Unidad de Atenci\u00f3n de Delitos en contra de los animales&nbsp;perseguir de oficio&nbsp;los hechos presumiblemente constitutivos del&nbsp;delito de maltrato animal\u201d.<\/p>\n\n\n\n<p>Al mismo tiempo, precis\u00f3, \u201cotorgar el sustento legal que garantice el&nbsp;anonimato en la denuncia&nbsp;y se cumpla el fin de proteger la integridad f\u00edsica y moral del denunciante\u201d.<\/p>\n\n\n\n<p>Valera Piedras inform\u00f3 que los datos en el pa\u00eds no son favorecedores, \u201cde acuerdo con&nbsp;el INEGI,&nbsp;en&nbsp;La Encuesta Nacional de Bienestar&nbsp;Autorreportado&nbsp;(ENBIARE) 2021,&nbsp;el 69.8% de los hogares cuenta con alg\u00fan tipo de mascota\u201d.<\/p>\n\n\n\n<p>Tambi\u00e9n, M\u00e9xico es el tercer pa\u00eds en Am\u00e9rica Latina en maltrato animal, de&nbsp;las 27 millones&nbsp;de mascotas, el 70 por ciento de gatos y perros se encuentran en abandono\u201d, se\u00f1al\u00f3 el diputado priista.<\/p>\n\n\n\n<p>No es casualidad que&nbsp;se tenga una cifra semejante en el maltrato de menores de edad,&nbsp; seis de cada 10 ni\u00f1os han sufrido violencia, pues existe una relaci\u00f3n directa en el comportamiento, se\u00f1al\u00f3.&nbsp;<\/p>\n\n\n\n<p>Valera Piedras detall\u00f3 que&nbsp; para comenzar a disminuir tales cifras, se requiere la participaci\u00f3n de la ciudadan\u00eda para&nbsp;denunciar&nbsp;y&nbsp;la respuesta&nbsp;de las autoridades.<\/p>\n","protected":false},"excerpt":{"rendered":"<p>&nbsp;El grupo legislativo del PRI en el Congreso del estado de Hidalgo present\u00f3 una iniciativa que reforma el c\u00f3digo penal y la ley de protecci\u00f3n y trato digno a los animales. El coordinador del GLPRI, Julio Valera Piedras, explic\u00f3 en tribuna que el objetivo de esta iniciativa es&nbsp; \u201cfomentar la cultura de denuncia de los [&hellip;]<\/p>\n","protected":false},"author":93,"featured_media":233341,"comment_status":"closed","ping_status":"closed","sticky":false,"template":"","format":"standard","meta":{"footnotes":""},"categories":[15,59,2159],"tags":[],"class_list":["post-233340","post","type-post","status-publish","format-standard","has-post-thumbnail","hentry","category-destacadas","category-general","category-noticias-de-hidalgo"],"_links":{"self":[{"href":"https:\/\/plazajuarez.mx\/historico\/wp-json\/wp\/v2\/posts\/233340","targetHints":{"allow":["GET"]}}],"collection":[{"href":"https:\/\/plazajuarez.mx\/historico\/wp-json\/wp\/v2\/posts"}],"about":[{"href":"https:\/\/plazajuarez.mx\/historico\/wp-json\/wp\/v2\/types\/post"}],"author":[{"embeddable":true,"href":"https:\/\/plazajuarez.mx\/historico\/wp-json\/wp\/v2\/users\/93"}],"replies":[{"embeddable":true,"href":"https:\/\/plazajuarez.mx\/historico\/wp-json\/wp\/v2\/comments?post=233340"}],"version-history":[{"count":0,"href":"https:\/\/plazajuarez.mx\/historico\/wp-json\/wp\/v2\/posts\/233340\/revisions"}],"wp:featuredmedia":[{"embeddable":true,"href":"https:\/\/plazajuarez.mx\/historico\/wp-json\/wp\/v2\/media\/233341"}],"wp:attachment":[{"href":"https:\/\/plazajuarez.mx\/historico\/wp-json\/wp\/v2\/media?parent=233340"}],"wp:term":[{"taxonomy":"category","embeddable":true,"href":"https:\/\/plazajuarez.mx\/historico\/wp-json\/wp\/v2\/categories?post=233340"},{"taxonomy":"post_tag","embeddable":true,"href":"https:\/\/plazajuarez.mx\/historico\/wp-json\/wp\/v2\/tags?post=233340"}],"curies":[{"name":"wp","href":"https:\/\/api.w.org\/{rel}","templated":true}]}}