{"id":233330,"date":"2022-10-10T15:07:23","date_gmt":"2022-10-10T20:07:23","guid":{"rendered":"https:\/\/plazajuarez.mx\/?p=233330"},"modified":"2022-10-10T15:07:29","modified_gmt":"2022-10-10T20:07:29","slug":"ingrid_coronado","status":"publish","type":"post","link":"https:\/\/plazajuarez.mx\/historico\/ingrid_coronado\/","title":{"rendered":"Exesposo de Ingrid Coronado defiende a Anna Ferro"},"content":{"rendered":"\n<p> Luego de que en fechas recientes Ingrid Coronado asegurara que Fernando del Solar la excluy\u00f3 dentro del testamento, Charly L\u00f3pez, exesposo de la conductora, sali\u00f3 en defensa de Anna Ferro.<\/p>\n\n\n\n<p>&#8220;Yo no puedo dar un punto de vista hasta no saber. Yo como pap\u00e1 no dejar\u00eda a Emiliano nunca, es el \u00fanico que est\u00e1 en mi testamento, pero yo no s\u00e9 qu\u00e9 haya pasado con Fernando, desconozco qu\u00e9 haya hecho Ingrid&#8221;, dijo el cantante.<\/p>\n\n\n\n<p>El exGaribaldi admiti\u00f3 que del Solar era un tipazo y record\u00f3 que, en alg\u00fan momento, se disculp\u00f3 p\u00fablicamente con \u00e9l porque lleg\u00f3 a equivocarse, pero dej\u00f3 en claro que Fernando amaba a sus hijos, por lo que no cree que los haya dejado desprotegidos.<\/p>\n\n\n\n<p>&#8220;Los seres humanos somos medio descuidados y dejamos para ma\u00f1ana las cosas, puede ser, no puedo decir otra cosa&#8221;, declar\u00f3 a los medios de comunicaci\u00f3n.<\/p>\n\n\n\n<p>Al ser cuestionado acerca de si considera que la viuda de Fernando, Anna Ferro lo habr\u00eda influenciado para modificar el testamento, respondi\u00f3 lo siguiente:<\/p>\n\n\n\n<p>&#8220;Con un hijo nadie te puede influenciar. Yo no conozco un pap\u00e1 o una mam\u00e1 que se deje influenciar por otra persona para no dar nada a sus hijos, esa es mi percepci\u00f3n&#8221;.<\/p>\n\n\n\n<p>&#8220;Anna Ferro se port\u00f3 incre\u00edble con Fernando desde que \u00e9l termin\u00f3 con la se\u00f1ora (Coronado). Lo cuid\u00f3, estuvo con Fernando no se fue porque estuviera enfermo, se fue por otra cosa, creo que fue m\u00e1s de tristeza&#8221;, opin\u00f3.<\/p>\n\n\n\n<p>Respecto al tema de que supuestamente Ferro vaci\u00f3 el departamento en donde viv\u00eda con Fernando, el cual Ingrid reclam\u00f3 la semana pasada, diciendo que le pedir\u00eda a ella que le d\u00e9 las llaves del inmueble, L\u00f3pez mencion\u00f3 que la profesora de yoga est\u00e1 en todo su derecho porque fue su \u00faltima esposa.<\/p>\n\n\n\n<p>&#8220;Adem\u00e1s yo creo que inteligentemente lo hizo a sabiendas. Ve la historia, yo creo que dijo s\u00ed lo dejo ah\u00ed, me lo quitan, teniendo el antecedente de c\u00f3mo se ha comportado la otra persona (Ingrid Coronado) yo hubiera hecho lo mismo&#8221;.<\/p>\n\n\n\n<p>El integrante de los &#8220;90s Pop Tour&#8221; afirm\u00f3 que no est\u00e1 en contacto con su exesposa Ingrid, ni tiene el gusto de conocer a Anna Ferro, por lo que en si de cuestiones legales se trata, prefiere que las partes interesadas lleguen a un acuerdo, sin que \u00e9l intervenga.<\/p>\n\n\n\n<p>&#8220;Si no hubiera sido de ella no lo puede vender, de entrada no puedes vender algo que no es tuyo, si fuera de otra persona era de la otra persona, pero si estaba en nombre de Fernando y de ella como viuda, ella tiene el derecho de venderlo&#8221;, expres\u00f3.<\/p>\n","protected":false},"excerpt":{"rendered":"<p>Luego de que en fechas recientes Ingrid Coronado asegurara que Fernando del Solar la excluy\u00f3 dentro del testamento, Charly L\u00f3pez, exesposo de la conductora, sali\u00f3 en defensa de Anna Ferro. &#8220;Yo no puedo dar un punto de vista hasta no saber. Yo como pap\u00e1 no dejar\u00eda a Emiliano nunca, es el \u00fanico que est\u00e1 en [&hellip;]<\/p>\n","protected":false},"author":81,"featured_media":233331,"comment_status":"closed","ping_status":"closed","sticky":false,"template":"","format":"standard","meta":{"footnotes":""},"categories":[38],"tags":[],"class_list":["post-233330","post","type-post","status-publish","format-standard","has-post-thumbnail","hentry","category-show"],"_links":{"self":[{"href":"https:\/\/plazajuarez.mx\/historico\/wp-json\/wp\/v2\/posts\/233330","targetHints":{"allow":["GET"]}}],"collection":[{"href":"https:\/\/plazajuarez.mx\/historico\/wp-json\/wp\/v2\/posts"}],"about":[{"href":"https:\/\/plazajuarez.mx\/historico\/wp-json\/wp\/v2\/types\/post"}],"author":[{"embeddable":true,"href":"https:\/\/plazajuarez.mx\/historico\/wp-json\/wp\/v2\/users\/81"}],"replies":[{"embeddable":true,"href":"https:\/\/plazajuarez.mx\/historico\/wp-json\/wp\/v2\/comments?post=233330"}],"version-history":[{"count":0,"href":"https:\/\/plazajuarez.mx\/historico\/wp-json\/wp\/v2\/posts\/233330\/revisions"}],"wp:featuredmedia":[{"embeddable":true,"href":"https:\/\/plazajuarez.mx\/historico\/wp-json\/wp\/v2\/media\/233331"}],"wp:attachment":[{"href":"https:\/\/plazajuarez.mx\/historico\/wp-json\/wp\/v2\/media?parent=233330"}],"wp:term":[{"taxonomy":"category","embeddable":true,"href":"https:\/\/plazajuarez.mx\/historico\/wp-json\/wp\/v2\/categories?post=233330"},{"taxonomy":"post_tag","embeddable":true,"href":"https:\/\/plazajuarez.mx\/historico\/wp-json\/wp\/v2\/tags?post=233330"}],"curies":[{"name":"wp","href":"https:\/\/api.w.org\/{rel}","templated":true}]}}